{"id":387,"date":"2021-03-24T17:05:24","date_gmt":"2021-03-24T17:05:24","guid":{"rendered":"https:\/\/www.facesulavirtual.org\/pccw\/?p=387"},"modified":"2021-05-31T16:30:04","modified_gmt":"2021-05-31T16:30:04","slug":"especializacion-en-ciencias-contables-mencion-tributos_rentas_internas","status":"publish","type":"post","link":"https:\/\/www.facesulavirtual.org\/pcc\/especializaciones\/especializacion-en-ciencias-contables-mencion-tributos_rentas_internas\/","title":{"rendered":"Especializaci\u00f3n en Ciencias Contables. Menci\u00f3n Tributos: Rentas Internas"},"content":{"rendered":"<p>[et_pb_section fb_built=\u00bb1&#8243; _builder_version=\u00bb4.9.0&#8243; _module_preset=\u00bbdefault\u00bb custom_padding=\u00bb0px||0px|||\u00bb][et_pb_row column_structure=\u00bb3_5,2_5&#8243; _builder_version=\u00bb4.9.0&#8243; _module_preset=\u00bbdefault\u00bb width=\u00bb100%\u00bb custom_margin=\u00bb0px|||0px|false|false\u00bb custom_padding=\u00bb15px||76px|0px|false|false\u00bb][et_pb_column type=\u00bb3_5&#8243; _builder_version=\u00bb4.9.0&#8243; _module_preset=\u00bbdefault\u00bb][et_pb_tabs active_tab_text_color=\u00bb#9a2323&#8243; _builder_version=\u00bb4.9.0&#8243; _module_preset=\u00bbdefault\u00bb custom_margin=\u00bb|-31px||-51px||\u00bb custom_padding=\u00bb|15px||16px||\u00bb hover_enabled=\u00bb0&#8243; custom_css_main_element=\u00bb||\u00bb border_radii=\u00bboff|15px||15px|\u00bb box_shadow_style=\u00bbpreset5&#8243; sticky_enabled=\u00bb0&#8243;][et_pb_tab title=\u00bbAcerca de\u00bb _builder_version=\u00bb4.9.0&#8243; _module_preset=\u00bbdefault\u00bb body_text_align=\u00bbjustify\u00bb tab_font=\u00bb|700|||||||\u00bb tab_text_color=\u00bb#9a2323&#8243;]<\/p>\n<p style=\"text-align: justify;\">La creciente necesidad del Estado de recaudar por distintos medios ingresos fiscales, ha ocasionado una mayor presi\u00f3n sobre las personas naturales o jur\u00eddicas sujetas a las leyes tributarias en Venezuela, impulsando la necesidad de formaci\u00f3n de profesionales en esta \u00e1rea. El Contador P\u00fablico, debe ocupar su espacio en el \u00e1rea de los tributos, asumiendo los roles de asesor de la empresa o en la funci\u00f3n de supervisor y controlador por parte del Estado.<\/p>\n<p style=\"text-align: justify;\">Los estudios en tributos, est\u00e1n concebidos para que el contador p\u00fablico sea capaz de cumplir con ambos roles y adem\u00e1s se incentive la investigaci\u00f3n para lograr que los profesionales, vista su experiencia, puedan proponer cambios y soluciones a los planteamientos que la haga la sociedad.<\/p>\n<p style=\"text-align: justify;\">As\u00ed, el objetivo de este programa es especializar profesionales en el sistema tributario venezolano, capaces de asesorar en esta materia a personas naturales o jur\u00eddicas, as\u00ed como tambi\u00e9n al Estado en la funci\u00f3n y control de los tributos.<\/p>\n<p>[\/et_pb_tab][et_pb_tab title=\u00bbContenido\u00bb _builder_version=\u00bb4.9.0&#8243; _module_preset=\u00bbdefault\u00bb body_text_align=\u00bbjustify\u00bb tab_font=\u00bb|700|||||||\u00bb tab_text_color=\u00bb#9a2323&#8243;]<\/p>\n<p><strong>Semestre I<\/strong><\/p>\n<ul>\n<li>Finanzas P\u00fablicas y Pol\u00edtica Fiscal<\/li>\n<li>Derecho Tributario<\/li>\n<li>Tributaci\u00f3n Directa I<\/li>\n<li>Electiva<\/li>\n<\/ul>\n<p><strong>Semestre II<\/strong><\/p>\n<ul>\n<li>Tributaci\u00f3n Directa II<\/li>\n<li>Tributaci\u00f3n Directa III<\/li>\n<li>Tributaci\u00f3n Indirecta<\/li>\n<li>Tributaci\u00f3n Especial<\/li>\n<\/ul>\n<p><strong>Semestre III<\/strong><\/p>\n<ul>\n<li>Tributaci\u00f3n Estatal y Municipal<\/li>\n<li>Planificaci\u00f3n Tributaria<\/li>\n<li>Auditoria Tributaria<\/li>\n<li>Seminario: Metodolog\u00eda de la Investigaci\u00f3n<\/li>\n<li>Trabajo Especial de Grado<\/li>\n<\/ul>\n<p>[\/et_pb_tab][et_pb_tab title=\u00bbRequisitos\u00bb _builder_version=\u00bb4.9.0&#8243; _module_preset=\u00bbdefault\u00bb body_text_align=\u00bbjustify\u00bb tab_font=\u00bb|700|||||||\u00bb tab_text_color=\u00bb#9a2323&#8243;]<\/p>\n<p style=\"text-align: justify;\">Para optar al Postgrado en Ciencias Contables debe cursarse un seminario denominado \u00abProped\u00e9utico Contable\u00bb, cuya duraci\u00f3n es de 32 horas acad\u00e9micas. Al finalizar, el participante debe presentar una propuesta de investigaci\u00f3n, la cual ser\u00e1 evaluada por un comit\u00e9 designado para evaluarla y la nota obtenida se promediar\u00e1 con la evaluaci\u00f3n del curr\u00edculum del participante.<\/p>\n<p style=\"text-align: justify;\">Para ingresar a la Especializaci\u00f3n se deber\u00e1 cumplir con las disposiciones que al efecto prev\u00e9 la Universidad de Los Andes, las cuales estipulan:<\/p>\n<p style=\"text-align: justify;\">\n<ul>\n<li style=\"text-align: justify;\">T\u00edtulo Universitario original y fondo negro del t\u00edtulo debidamente registrado y certificado.<\/li>\n<li style=\"text-align: justify;\">Notas certificadas originales de los estudios de pregrado.<\/li>\n<li style=\"text-align: justify;\">Partida de nacimiento original.<\/li>\n<li style=\"text-align: justify;\">Curr\u00edculum vitae con sus documentos comprobatorios.<\/li>\n<li style=\"text-align: justify;\">Copia de la C\u00e9dula de Identidad.<\/li>\n<li style=\"text-align: justify;\">Cuatro (4) fotograf\u00edas de frente tipo carnet.<\/li>\n<li style=\"text-align: justify;\">Carta de Solicitud de Ingreso al Postgrado.<\/li>\n<\/ul>\n<p>[\/et_pb_tab][et_pb_tab title=\u00bbAdmisi\u00f3n\u00bb _builder_version=\u00bb4.9.0&#8243; _module_preset=\u00bbdefault\u00bb body_text_align=\u00bbjustify\u00bb tab_font=\u00bb|700|||||||\u00bb tab_text_color=\u00bb#9a2323&#8243; hover_enabled=\u00bb0&#8243; sticky_enabled=\u00bb0&#8243;]<\/p>\n<p style=\"text-align: justify;\">Luego de presentados los requisitos formales, los candidatos se someter\u00e1n a un proceso de selecci\u00f3n, que abarcar\u00e1 las siguientes etapas:<\/p>\n<p style=\"text-align: justify;\">\n<ul>\n<li style=\"text-align: justify;\">Realizar un curso inicial de investigaci\u00f3n y presentar una propuesta investigativa.<\/li>\n<li style=\"text-align: justify;\">El Consejo T\u00e9cnico del Postgrado en Ciencias Contables, proceder\u00e1 a la revisi\u00f3n de la documentaci\u00f3n, y establecer\u00e1 un baremo para la puntuaci\u00f3n que se le dar\u00e1 a la documentaci\u00f3n recibida, la cual aportar\u00e1 el 30% de la nota total.<\/li>\n<li style=\"text-align: justify;\">Se realizar\u00e1 una entrevista por una terna de profesores de alto nivel, quienes, en l\u00edneas generales, observar\u00e1n la capacidad de comunicaci\u00f3n, de negociaci\u00f3n, de disposici\u00f3n al estudio y a la investigaci\u00f3n. La entrevista aportar\u00e1 el 50% del total de la puntuaci\u00f3n.<\/li>\n<li style=\"text-align: justify;\">La puntuaci\u00f3n en el proceso se establecer\u00e1 del 1 al 100, y se escoger\u00e1n los 20 primeros lugares, por menci\u00f3n ofrecida en ese proceso.<\/li>\n<\/ul>\n<p>[\/et_pb_tab][et_pb_tab title=\u00bbInscripciones\u00bb _builder_version=\u00bb4.9.0&#8243; _module_preset=\u00bbdefault\u00bb body_text_align=\u00bbjustify\u00bb tab_font=\u00bb|700|||||||\u00bb tab_text_color=\u00bb#9a2323&#8243;]<\/p>\n<p>Puedes solicitar informaci\u00f3n sobre el proceso de inscripci\u00f3n del programa de tu preferencia a trav\u00e9s de nuestro formulario de <a href=\"https:\/\/www.facesulavirtual.org\/pccw\/contactos\/\">contacto<\/a>.<\/p>\n<p>[\/et_pb_tab][\/et_pb_tabs][\/et_pb_column][et_pb_column type=\u00bb2_5&#8243; _builder_version=\u00bb4.9.0&#8243; _module_preset=\u00bbdefault\u00bb][et_pb_image src=\u00bb@ET-DC@eyJkeW5hbWljIjp0cnVlLCJjb250ZW50IjoicG9zdF9mZWF0dXJlZF9pbWFnZSIsInNldHRpbmdzIjp7fX0=@\u00bb _builder_version=\u00bb4.9.0&#8243; _dynamic_attributes=\u00bbsrc\u00bb _module_preset=\u00bbdefault\u00bb border_radii=\u00bboff|15px||15px|\u00bb][\/et_pb_image][\/et_pb_column][\/et_pb_row][\/et_pb_section]<\/p>\n","protected":false},"excerpt":{"rendered":"<p>La creciente necesidad del Estado de recaudar por distintos medios ingresos fiscales, ha ocasionado una mayor presi\u00f3n sobre las personas naturales o jur\u00eddicas sujetas a las leyes tributarias en Venezuela, impulsando la necesidad de formaci\u00f3n de profesionales en esta \u00e1rea. El Contador P\u00fablico, debe ocupar su espacio en el \u00e1rea de los tributos, asumiendo los [&hellip;]<\/p>\n","protected":false},"author":1,"featured_media":389,"comment_status":"closed","ping_status":"open","sticky":false,"template":"","format":"standard","meta":{"_et_pb_use_builder":"on","_et_pb_old_content":"[et_pb_section fb_built=\"1\" _builder_version=\"4.9.0\" _module_preset=\"default\" custom_padding=\"0px||0px|||\"][et_pb_row column_structure=\"3_5,2_5\" _builder_version=\"4.9.0\" _module_preset=\"default\" width=\"100%\" custom_margin=\"0px|||0px|false|false\" custom_padding=\"15px||76px|0px|false|false\"][et_pb_column type=\"3_5\" _builder_version=\"4.9.0\" _module_preset=\"default\"][et_pb_tabs _builder_version=\"4.9.0\" _module_preset=\"default\" custom_margin=\"|-31px||-51px||\" custom_padding=\"|15px||16px||\" custom_css_main_element=\"||\" border_radii=\"off|15px||15px|\" box_shadow_style=\"preset5\"][et_pb_tab title=\"Acerca de\" _builder_version=\"4.9.0\" _module_preset=\"default\" body_text_align=\"justify\" body_text_color=\"#000000\" tab_font=\"|700|||||||\" tab_text_color=\"#445689\"]\n<p style=\"text-align: justify;\">La creciente necesidad del Estado de recaudar por distintos medios ingresos fiscales, ha ocasionado una mayor presi\u00f3n sobre las personas naturales o jur\u00eddicas sujetas a las leyes tributarias en Venezuela, impulsando la necesidad de formaci\u00f3n de profesionales en esta \u00e1rea. El Contador P\u00fablico, debe ocupar su espacio en el \u00e1rea de los tributos, asumiendo los roles de asesor de la empresa o en la funci\u00f3n de supervisor y controlador por parte del Estado.<\/p>\n<p style=\"text-align: justify;\">Los estudios en tributos, est\u00e1n concebidos para que el contador p\u00fablico sea capaz de cumplir con ambos roles y adem\u00e1s se incentive la investigaci\u00f3n para lograr que los profesionales vista su experiencia puedan proponer cambios y soluciones a los planteamientos que la haga la sociedad.<\/p>\n<p style=\"text-align: justify;\">As\u00ed, el objetivo de este programa es especializar profesionales en el sistema tributario venezolano, capaces de asesorar en esta materia a personas naturales o jur\u00eddicas, as\u00ed como tambi\u00e9n al Estado en la funci\u00f3n y control de los tributos.<\/p>\n<p style=\"text-align: justify;\">As\u00ed, el objetivo de este programa es actualizar y profundizar los conocimientos en el \u00e1rea de los sistemas de informaci\u00f3n contables, as\u00ed como desarrollar habilidades para el dise\u00f1o, implementaci\u00f3n y evaluaci\u00f3n de dichos sistemas en una organizaci\u00f3n.<\/p>\n[\/et_pb_tab][et_pb_tab title=\"Contenido\" _builder_version=\"4.9.0\" _module_preset=\"default\" body_text_align=\"justify\" tab_font=\"|700|||||||\" tab_text_color=\"#445689\"]\n\n<strong>Semestre I<\/strong>\n<ul>\n \t<li>Finanzas P\u00fablicas y Pol\u00edtica Fiscal<\/li>\n \t<li>Derecho Tributario<\/li>\n \t<li>Tributaci\u00f3n Directa I<\/li>\n \t<li>Electiva<\/li>\n<\/ul>\n<strong>Semestre II<\/strong>\n<ul>\n \t<li>Derecho Aduanero<\/li>\n \t<li>Derecho Aduanero II<\/li>\n \t<li>Operaciones Aduaneras<\/li>\n \t<li>Comercio Internacional<\/li>\n<\/ul>\n<strong>Semestre III<\/strong>\n<ul>\n \t<li>Integraci\u00f3n Econ\u00f3mica<\/li>\n \t<li>Nomeclatura y Arancel de Aduanas<\/li>\n \t<li>Valorizaci\u00f3n de Mercancias<\/li>\n \t<li>Seminario: Metodolog\u00eda de la Investigaci\u00f3n<\/li>\n \t<li>Trabajo Especial de Grado<\/li>\n<\/ul>\n[\/et_pb_tab][et_pb_tab title=\"Requisitos\" _builder_version=\"4.9.0\" _module_preset=\"default\" body_text_align=\"justify\" tab_font=\"|700|||||||\" tab_text_color=\"#445689\" hover_enabled=\"0\" sticky_enabled=\"0\"]\n<p style=\"text-align: justify;\">Para optar al Postgrado en Ciencias Contables debe cursarse un seminario denominado \u00abProped\u00e9utico Contable\u00bb, cuya duraci\u00f3n es de 32 horas acad\u00e9micas. Al finalizar, el participante debe presentar una propuesta de investigaci\u00f3n, la cual ser\u00e1 evaluada por un comit\u00e9 designado para evaluarla y la nota obtenida se promediar\u00e1 con la evaluaci\u00f3n del curr\u00edculum del participante.<\/p>\n<p style=\"text-align: justify;\">Para ingresar a la Especializaci\u00f3n se deber\u00e1 cumplir con las disposiciones que al efecto prev\u00e9 la Universidad de Los Andes, las cuales estipulan:<\/p>\n<p style=\"text-align: justify;\"><\/p>\n\n<ul>\n \t<li style=\"text-align: justify;\">T\u00edtulo Universitario original y fondo negro del t\u00edtulo debidamente registrado y certificado.<\/li>\n \t<li style=\"text-align: justify;\">Notas certificadas originales de los estudios de pregrado.<\/li>\n \t<li style=\"text-align: justify;\">Partida de nacimiento original.<\/li>\n \t<li style=\"text-align: justify;\">Curr\u00edculum vitae con sus documentos comprobatorios.<\/li>\n \t<li style=\"text-align: justify;\">Copia de la C\u00e9dula de Identidad.<\/li>\n \t<li style=\"text-align: justify;\">Cuatro (4) fotograf\u00edas de frente tipo carnet.<\/li>\n \t<li style=\"text-align: justify;\">Carta de Solicitud de Ingreso al Postgrado.<\/li>\n<\/ul>\n[\/et_pb_tab][et_pb_tab title=\"Admisi\u00f3n\" _builder_version=\"4.9.0\" _module_preset=\"default\" body_text_align=\"justify\" tab_font=\"|700|||||||\" tab_text_color=\"#445689\"]\n<p style=\"text-align: justify;\">Luego de presentados los requisitos formales, los candidatos se someter\u00e1n a un proceso de selecci\u00f3n:<\/p>\n<p style=\"text-align: justify;\"><\/p>\n\n<ul>\n \t<li style=\"text-align: justify;\">El Consejo T\u00e9cnico del Postgrado en Ciencias Contables, proceder\u00e1 a la revisi\u00f3n de la documentaci\u00f3n, y establecer\u00e1 un baremo para la puntuaci\u00f3n que se le dar\u00e1 a la documentaci\u00f3n recibida, la cual aportar\u00e1 el 30% de la nota total.<\/li>\n \t<li style=\"text-align: justify;\">Se realizar\u00e1 una entrevista por una terna de profesores de alto nivel, quienes, en l\u00edneas generales, observar\u00e1n la capacidad de comunicaci\u00f3n, de negociaci\u00f3n, de disposici\u00f3n al estudio y a la investigaci\u00f3n. La entrevista aportar\u00e1 el 50% del total de la puntuaci\u00f3n.<\/li>\n \t<li style=\"text-align: justify;\">La puntuaci\u00f3n en el proceso se establecer\u00e1 del 1 al 100, y se escoger\u00e1n los 20 primeros lugares, por menci\u00f3n ofrecida en ese proceso.<\/li>\n<\/ul>\n[\/et_pb_tab][et_pb_tab title=\"Inscripciones\" _builder_version=\"4.9.0\" _module_preset=\"default\" body_text_align=\"justify\" tab_font=\"|700|||||||\" tab_text_color=\"#445689\"]Your content goes here. Edit or remove this text inline or in the module Content settings. You can also style every aspect of this content in the module Design settings and even apply custom CSS to this text in the module Advanced settings.[\/et_pb_tab][\/et_pb_tabs][\/et_pb_column][et_pb_column type=\"2_5\" _builder_version=\"4.9.0\" _module_preset=\"default\"][et_pb_image src=\"@ET-DC@eyJkeW5hbWljIjp0cnVlLCJjb250ZW50IjoicG9zdF9mZWF0dXJlZF9pbWFnZSIsInNldHRpbmdzIjp7fX0=@\" _builder_version=\"4.9.0\" _dynamic_attributes=\"src\" _module_preset=\"default\" border_radii=\"off|15px||15px|\"][\/et_pb_image][\/et_pb_column][\/et_pb_row][\/et_pb_section]","_et_gb_content_width":"1080","footnotes":""},"categories":[5],"tags":[],"class_list":["post-387","post","type-post","status-publish","format-standard","has-post-thumbnail","hentry","category-especializaciones"],"_links":{"self":[{"href":"https:\/\/www.facesulavirtual.org\/pcc\/wp-json\/wp\/v2\/posts\/387","targetHints":{"allow":["GET"]}}],"collection":[{"href":"https:\/\/www.facesulavirtual.org\/pcc\/wp-json\/wp\/v2\/posts"}],"about":[{"href":"https:\/\/www.facesulavirtual.org\/pcc\/wp-json\/wp\/v2\/types\/post"}],"author":[{"embeddable":true,"href":"https:\/\/www.facesulavirtual.org\/pcc\/wp-json\/wp\/v2\/users\/1"}],"replies":[{"embeddable":true,"href":"https:\/\/www.facesulavirtual.org\/pcc\/wp-json\/wp\/v2\/comments?post=387"}],"version-history":[{"count":10,"href":"https:\/\/www.facesulavirtual.org\/pcc\/wp-json\/wp\/v2\/posts\/387\/revisions"}],"predecessor-version":[{"id":1631,"href":"https:\/\/www.facesulavirtual.org\/pcc\/wp-json\/wp\/v2\/posts\/387\/revisions\/1631"}],"wp:featuredmedia":[{"embeddable":true,"href":"https:\/\/www.facesulavirtual.org\/pcc\/wp-json\/wp\/v2\/media\/389"}],"wp:attachment":[{"href":"https:\/\/www.facesulavirtual.org\/pcc\/wp-json\/wp\/v2\/media?parent=387"}],"wp:term":[{"taxonomy":"category","embeddable":true,"href":"https:\/\/www.facesulavirtual.org\/pcc\/wp-json\/wp\/v2\/categories?post=387"},{"taxonomy":"post_tag","embeddable":true,"href":"https:\/\/www.facesulavirtual.org\/pcc\/wp-json\/wp\/v2\/tags?post=387"}],"curies":[{"name":"wp","href":"https:\/\/api.w.org\/{rel}","templated":true}]}}