{"id":367,"date":"2021-03-24T16:41:21","date_gmt":"2021-03-24T16:41:21","guid":{"rendered":"https:\/\/www.facesulavirtual.org\/pccw\/?p=367"},"modified":"2021-05-31T16:34:17","modified_gmt":"2021-05-31T16:34:17","slug":"especializacion-en-ciencias-contables-mencion-sistemas-de-informacion-contable","status":"publish","type":"post","link":"https:\/\/www.facesulavirtual.org\/pcc\/especializaciones\/especializacion-en-ciencias-contables-mencion-sistemas-de-informacion-contable\/","title":{"rendered":"Especializaci\u00f3n en Ciencias Contables. Menci\u00f3n  Sistemas de Informaci\u00f3n Contable"},"content":{"rendered":"<p>[et_pb_section fb_built=\u00bb1&#8243; _builder_version=\u00bb4.9.0&#8243; _module_preset=\u00bbdefault\u00bb custom_padding=\u00bb0px||0px|||\u00bb][et_pb_row column_structure=\u00bb3_5,2_5&#8243; _builder_version=\u00bb4.9.0&#8243; _module_preset=\u00bbdefault\u00bb width=\u00bb100%\u00bb custom_margin=\u00bb0px|||0px|false|false\u00bb custom_padding=\u00bb15px||76px|0px|false|false\u00bb][et_pb_column type=\u00bb3_5&#8243; _builder_version=\u00bb4.9.0&#8243; _module_preset=\u00bbdefault\u00bb][et_pb_tabs _builder_version=\u00bb4.9.0&#8243; _module_preset=\u00bbdefault\u00bb custom_margin=\u00bb|-31px||-51px||\u00bb custom_padding=\u00bb|15px||16px||\u00bb hover_enabled=\u00bb0&#8243; custom_css_main_element=\u00bb||\u00bb border_radii=\u00bboff|15px||15px|\u00bb box_shadow_style=\u00bbpreset5&#8243; sticky_enabled=\u00bb0&#8243;][et_pb_tab title=\u00bbAcerca de\u00bb _builder_version=\u00bb4.9.0&#8243; _module_preset=\u00bbdefault\u00bb body_text_align=\u00bbjustify\u00bb tab_font=\u00bb|700|||||||\u00bb tab_text_color=\u00bb#9a2323&#8243;]<\/p>\n<p style=\"text-align: justify;\">Los sistemas en el campo de la contabilidad se relacionan \u00edntimamente con el desarrollo de la tecnolog\u00eda en el campo de la computaci\u00f3n y su avance y tendencia indican que el Contador P\u00fablico en su ejercicio profesional tendr\u00e1 que adaptar sus procesos a la constante evoluci\u00f3n del entorno.<\/p>\n<p style=\"text-align: justify;\">El Contador P\u00fablico no debe conformarse con el proceso de adaptaci\u00f3n de la nueva tecnolog\u00eda, sino que debe comenzar a aportar en cuanto a nuevos procedimientos para tener informaci\u00f3n precisa, eficiente y oportuna en la organizaci\u00f3n.<\/p>\n<p style=\"text-align: justify;\">La Especializaci\u00f3n en Sistemas de Informaci\u00f3n Contables, est\u00e1 dirigida a los profesionales cuya inclinaci\u00f3n sea el dise\u00f1o, implementaci\u00f3n y evaluaci\u00f3n de los mismos, y afianzar\u00e1 los conocimientos en las \u00e1reas de las estructuras organizacionales, el control, interno y la aplicaci\u00f3n de la tecnolog\u00eda para el dise\u00f1o e implementaci\u00f3n de los sistemas.<\/p>\n<p style=\"text-align: justify;\">As\u00ed, el objetivo de este programa es actualizar y profundizar los conocimientos en el \u00e1rea de los sistemas de informaci\u00f3n contables, as\u00ed como desarrollar habilidades para el dise\u00f1o, implementaci\u00f3n y evaluaci\u00f3n de dichos sistemas en una organizaci\u00f3n.<\/p>\n<p>[\/et_pb_tab][et_pb_tab title=\u00bbContenido\u00bb _builder_version=\u00bb4.9.0&#8243; _module_preset=\u00bbdefault\u00bb body_text_align=\u00bbjustify\u00bb tab_font=\u00bb|700|||||||\u00bb tab_text_color=\u00bb#9a2323&#8243;]<\/p>\n<div class=\"et_pb_section et_pb_section_0 et_section_regular\">\n<div class=\"et_pb_row et_pb_row_0\">\n<div class=\"et_pb_column et_pb_column_4_4 et_pb_column_0  et_pb_css_mix_blend_mode_passthrough et-last-child\">\n<div class=\"et_pb_module et_pb_tabs et_pb_tabs_0 et_slide_transition_to_1 et_slide_transition_to_2\">\n<div class=\"et_pb_all_tabs\">\n<div class=\"et_pb_tab et_pb_tab_1 clearfix et-pb-active-slide\">\n<div class=\"et_pb_tab_content\">\n<p><strong>Semestre I<\/strong><\/p>\n<ul>\n<li>Legislaci\u00f3n Venezolana<\/li>\n<li>Principios y Normas de Contabilidad<\/li>\n<li>Electiva<\/li>\n<li>Sistemas Organizacionales<\/li>\n<\/ul>\n<p><strong>Semestre II<\/strong><\/p>\n<ul>\n<li>Sistemas de Informaci\u00f3n Gerenciales<\/li>\n<li>Sistemas de Control Interno<\/li>\n<li>Sistemas de Contabilidad<\/li>\n<li>Sistemas de Contabilidad Especiales<\/li>\n<\/ul>\n<p><strong>Semestre III<\/strong><\/p>\n<ul>\n<li>Sistemas de Contabilidad de la Naci\u00f3n<\/li>\n<li>Sistemas de Contabilidad de Costos<\/li>\n<li>Auditoria Operativa<\/li>\n<li>Seminario: Metodolog\u00eda de la Investigaci\u00f3n<\/li>\n<li>Trabajo Especial de Grado<\/li>\n<\/ul>\n<\/div>\n<\/div>\n<\/div>\n<\/div>\n<\/div>\n<\/div>\n<\/div>\n<div class=\"et_pb_section et_pb_section_1 et_section_regular\">\n<div class=\"et_pb_row et_pb_row_1\">\n<div class=\"et_pb_column et_pb_column_4_4 et_pb_column_1  et_pb_css_mix_blend_mode_passthrough et-last-child\">\n<div class=\"et_pb_module et_pb_video et_pb_video_0\">\n<div class=\"et_pb_video_box\"><\/div>\n<\/div>\n<\/div>\n<\/div>\n<\/div>\n<p>[\/et_pb_tab][et_pb_tab title=\u00bbRequisitos\u00bb _builder_version=\u00bb4.9.0&#8243; _module_preset=\u00bbdefault\u00bb body_text_align=\u00bbjustify\u00bb tab_font=\u00bb|700|||||||\u00bb tab_text_color=\u00bb#9a2323&#8243;]<\/p>\n<p style=\"text-align: justify;\">Para optar al Postgrado en Ciencias Contables debe cursarse un seminario denominado \u00abProped\u00e9utico Contable\u00bb, cuya duraci\u00f3n es de 32 horas acad\u00e9micas. Al finalizar, el participante debe presentar una propuesta de investigaci\u00f3n, la cual ser\u00e1 evaluada por un comit\u00e9 designado para evaluarla y la nota obtenida se promediar\u00e1 con la evaluaci\u00f3n del curr\u00edculum del participante.<\/p>\n<p style=\"text-align: justify;\">Para ingresar a la Especializaci\u00f3n se deber\u00e1 cumplir con las disposiciones que al efecto prev\u00e9 la Universidad de Los Andes, las cuales estipulan:<\/p>\n<p style=\"text-align: justify;\">\n<ul>\n<li style=\"text-align: justify;\">T\u00edtulo Universitario original y fondo negro del t\u00edtulo debidamente registrado y certificado.<\/li>\n<li style=\"text-align: justify;\">Notas certificadas originales de los estudios de pregrado.<\/li>\n<li style=\"text-align: justify;\">Partida de nacimiento original.<\/li>\n<li style=\"text-align: justify;\">Curr\u00edculum vitae con sus documentos comprobatorios.<\/li>\n<li style=\"text-align: justify;\">Copia de la C\u00e9dula de Identidad.<\/li>\n<li style=\"text-align: justify;\">Cuatro (4) fotograf\u00edas de frente tipo carnet.<\/li>\n<li style=\"text-align: justify;\">Carta de Solicitud de Ingreso al Postgrado.<\/li>\n<\/ul>\n<p>[\/et_pb_tab][et_pb_tab title=\u00bbAdmisi\u00f3n\u00bb _builder_version=\u00bb4.9.0&#8243; _module_preset=\u00bbdefault\u00bb body_text_align=\u00bbjustify\u00bb tab_font=\u00bb|700|||||||\u00bb tab_text_color=\u00bb#9a2323&#8243; hover_enabled=\u00bb0&#8243; sticky_enabled=\u00bb0&#8243;]<\/p>\n<p style=\"text-align: justify;\">Luego de presentados los requisitos formales, los candidatos se someter\u00e1n a un proceso de selecci\u00f3n, que abarcar\u00e1 las siguientes etapas:<\/p>\n<p style=\"text-align: justify;\">\n<ul>\n<li style=\"text-align: justify;\">Realizar un curso inicial de investigaci\u00f3n y presentar una propuesta investigativa.<\/li>\n<li style=\"text-align: justify;\">El Consejo T\u00e9cnico del Postgrado en Ciencias Contables, proceder\u00e1 a la revisi\u00f3n de la documentaci\u00f3n, y establecer\u00e1 un baremo para la puntuaci\u00f3n que se le dar\u00e1 a la documentaci\u00f3n recibida, la cual aportar\u00e1 el 30% de la nota total.<\/li>\n<li style=\"text-align: justify;\">Se realizar\u00e1 una entrevista por una terna de profesores de alto nivel, quienes, en l\u00edneas generales, observar\u00e1n la capacidad de comunicaci\u00f3n, de negociaci\u00f3n, de disposici\u00f3n al estudio y a la investigaci\u00f3n. La entrevista aportar\u00e1 el 50% del total de la puntuaci\u00f3n.<\/li>\n<li style=\"text-align: justify;\">La puntuaci\u00f3n en el proceso se establecer\u00e1 del 1 al 100, y se escoger\u00e1n los 20 primeros lugares, por menci\u00f3n ofrecida en ese proceso.<\/li>\n<\/ul>\n<p>[\/et_pb_tab][et_pb_tab title=\u00bbInscripciones\u00bb _builder_version=\u00bb4.9.0&#8243; _module_preset=\u00bbdefault\u00bb body_text_align=\u00bbjustify\u00bb tab_font=\u00bb|700|||||||\u00bb tab_text_color=\u00bb#9a2323&#8243;]<\/p>\n<p>Puedes solicitar informaci\u00f3n sobre el proceso de inscripci\u00f3n del programa de tu preferencia a trav\u00e9s de nuestro formulario de <a href=\"https:\/\/www.facesulavirtual.org\/pccw\/contactos\/\">contacto<\/a>.<\/p>\n<p>[\/et_pb_tab][\/et_pb_tabs][\/et_pb_column][et_pb_column type=\u00bb2_5&#8243; _builder_version=\u00bb4.9.0&#8243; _module_preset=\u00bbdefault\u00bb][et_pb_image src=\u00bb@ET-DC@eyJkeW5hbWljIjp0cnVlLCJjb250ZW50IjoicG9zdF9mZWF0dXJlZF9pbWFnZSIsInNldHRpbmdzIjp7fX0=@\u00bb _builder_version=\u00bb4.9.0&#8243; _dynamic_attributes=\u00bbsrc\u00bb _module_preset=\u00bbdefault\u00bb border_radii=\u00bboff|15px||15px|\u00bb][\/et_pb_image][\/et_pb_column][\/et_pb_row][\/et_pb_section]<\/p>\n","protected":false},"excerpt":{"rendered":"<p>Los sistemas en el campo de la contabilidad se relacionan \u00edntimamente con el desarrollo de la tecnolog\u00eda en el campo de la computaci\u00f3n y su avance y tendencia indican que el Contador P\u00fablico en su ejercicio profesional tendr\u00e1 que adaptar sus procesos a la constante evoluci\u00f3n del entorno. El Contador P\u00fablico no debe conformarse con [&hellip;]<\/p>\n","protected":false},"author":1,"featured_media":369,"comment_status":"closed","ping_status":"open","sticky":false,"template":"","format":"standard","meta":{"_et_pb_use_builder":"on","_et_pb_old_content":"[et_pb_section fb_built=\"1\" _builder_version=\"4.9.0\" _module_preset=\"default\" custom_padding=\"0px||0px|||\"][et_pb_row column_structure=\"3_5,2_5\" _builder_version=\"4.9.0\" _module_preset=\"default\" width=\"100%\" custom_margin=\"0px|||0px|false|false\" custom_padding=\"15px||76px|0px|false|false\"][et_pb_column type=\"3_5\" _builder_version=\"4.9.0\" _module_preset=\"default\"][et_pb_tabs _builder_version=\"4.9.0\" _module_preset=\"default\" custom_margin=\"|-31px||-51px||\" custom_padding=\"|15px||16px||\" hover_enabled=\"0\" custom_css_main_element=\"||\" border_radii=\"off|15px||15px|\" box_shadow_style=\"preset5\" sticky_enabled=\"0\"][et_pb_tab title=\"Acerca de\" _builder_version=\"4.9.0\" _module_preset=\"default\" body_text_align=\"justify\" body_text_color=\"#000000\" tab_font=\"|700|||||||\" tab_text_color=\"#445689\" hover_enabled=\"0\" sticky_enabled=\"0\"]\n<p style=\"text-align: justify;\">El sector p\u00fablico venezolano dada las condiciones econ\u00f3micas del pa\u00eds y las exigencias de otros sectores de que debe ser m\u00e1s productivo y eficiente se ha convertido en un empleador de personal especializado en las \u00e1reas que le son afines. El Contador P\u00fablico, se ha convertido entre otros, en un profesional demandado por este sector, pero requiere una formaci\u00f3n de mayor profundidad en el \u00e1rea de Contabilidad y Auditor\u00eda Gubernamental.<\/p>\n<p style=\"text-align: justify;\">La Especializaci\u00f3n en Contabilidad de la Naci\u00f3n, es la primera en el pa\u00eds cuyo enfoque se dirige hacia los procesos contables m\u00e1s eficientes y la evaluaci\u00f3n t\u00e9cnica de la gesti\u00f3n de los administradores p\u00fablicos, haci\u00e9ndola entonces pertinente para los empleados p\u00fablicos que desempe\u00f1en estas funciones.<\/p>\n<p style=\"text-align: justify;\">As\u00ed, el objetivo de este programa es profundizar y actualizar a los profesionales vinculados con la Administraci\u00f3n P\u00fablica, en los procedimientos contables para obtener informaci\u00f3n financiera \u00f3ptima y hacer m\u00e1s eficientes las t\u00e9cnicas de revisi\u00f3n de las actuaciones de los participantes en el gobierno, en un todo de acuerdo con la normativa legal existente.<\/p>\n[\/et_pb_tab][et_pb_tab title=\"Contenido\" _builder_version=\"4.9.0\" _module_preset=\"default\" body_text_align=\"justify\" tab_font=\"|700|||||||\" tab_text_color=\"#445689\" hover_enabled=\"0\" sticky_enabled=\"0\"]\n\n<strong>Semestre I<\/strong>\n<ul>\n \t<li>Finanzas P\u00fablicas y Pol\u00edtica Fiscal<\/li>\n \t<li>Principios y Normas de Contabilidad<\/li>\n \t<li>Legislaci\u00f3n Venezolana del Sector P\u00fablico<\/li>\n \t<li>Electiva I<\/li>\n<\/ul>\n<strong>Semestre II<\/strong>\n<ul>\n \t<li>Presupuesto P\u00fablico<\/li>\n \t<li>Sistemas de Control Interno<\/li>\n \t<li>Sistemas de Contabilidad de la Naci\u00f3n<\/li>\n \t<li>Contabilidad de la Naci\u00f3n<\/li>\n<\/ul>\n<strong>Semestre III<\/strong>\n<ul>\n \t<li>Contabilidad de Sectores Especiales<\/li>\n \t<li>Contralor\u00eda Interna<\/li>\n \t<li>Auditoria del Sector P\u00fablico<\/li>\n \t<li>Seminario: Metodolog\u00eda de la Investigaci\u00f3n<\/li>\n \t<li>Trabajo Especial de Grado<\/li>\n<\/ul>\n[\/et_pb_tab][et_pb_tab title=\"Requisitos\" _builder_version=\"4.9.0\" _module_preset=\"default\" body_text_align=\"justify\" tab_font=\"|700|||||||\" tab_text_color=\"#445689\"]\n<p style=\"text-align: justify;\">Para optar al Postgrado en Ciencias Contables debe cursarse un seminario denominado \u00abProped\u00e9utico Contable\u00bb, cuya duraci\u00f3n es de 32 horas acad\u00e9micas. Al finalizar, el participante debe presentar una propuesta de investigaci\u00f3n, la cual ser\u00e1 evaluada por un comit\u00e9 designado para evaluarla y la nota obtenida se promediar\u00e1 con la evaluaci\u00f3n del curr\u00edculum del participante.<\/p>\n<p style=\"text-align: justify;\">Para ingresar a la Especializaci\u00f3n T\u00e9cnica se deber\u00e1 cumplir con las disposiciones que al efecto prev\u00e9 la Universidad de Los Andes, las cuales estipulan:<\/p>\n<p style=\"text-align: justify;\"><\/p>\n\n<ul>\n \t<li style=\"text-align: justify;\">T\u00edtulo Universitario original y fondo negro del t\u00edtulo debidamente registrado y certificado.<\/li>\n \t<li style=\"text-align: justify;\">Notas certificadas originales de los estudios de pregrado.<\/li>\n \t<li style=\"text-align: justify;\">Partida de nacimiento original.<\/li>\n \t<li style=\"text-align: justify;\">Curr\u00edculum vitae con sus documentos comprobatorios.<\/li>\n \t<li style=\"text-align: justify;\">Copia de la C\u00e9dula de Identidad.<\/li>\n \t<li style=\"text-align: justify;\">Cuatro (4) fotograf\u00edas de frente tipo carnet.<\/li>\n \t<li style=\"text-align: justify;\">Carta de Solicitud de Ingreso al Postgrado.<\/li>\n<\/ul>\n[\/et_pb_tab][et_pb_tab title=\"Admisi\u00f3n\" _builder_version=\"4.9.0\" _module_preset=\"default\" body_text_align=\"justify\" tab_font=\"|700|||||||\" tab_text_color=\"#445689\"]\n<p style=\"text-align: justify;\">Luego de presentados los requisitos formales, los candidatos se someter\u00e1n a un proceso de selecci\u00f3n:<\/p>\n<p style=\"text-align: justify;\"><\/p>\n\n<ul>\n \t<li style=\"text-align: justify;\">El Consejo T\u00e9cnico del Postgrado en Ciencias Contables, proceder\u00e1 a la revisi\u00f3n de la documentaci\u00f3n, y establecer\u00e1 un baremo para la puntuaci\u00f3n que se le dar\u00e1 a la documentaci\u00f3n recibida, la cual aportar\u00e1 el 30% de la nota total.<\/li>\n \t<li style=\"text-align: justify;\">Se realizar\u00e1 una entrevista por una terna de profesores de alto nivel, quienes, en l\u00edneas generales, observar\u00e1n la capacidad de comunicaci\u00f3n, de negociaci\u00f3n, de disposici\u00f3n al estudio y a la investigaci\u00f3n. La entrevista aportar\u00e1 el 50% del total de la puntuaci\u00f3n.<\/li>\n \t<li style=\"text-align: justify;\">La puntuaci\u00f3n en el proceso se establecer\u00e1 del 1 al 100, y se escoger\u00e1n los 20 primeros lugares, por menci\u00f3n ofrecida en ese proceso.<\/li>\n<\/ul>\n[\/et_pb_tab][et_pb_tab title=\"Inscripciones\" _builder_version=\"4.9.0\" _module_preset=\"default\" body_text_align=\"justify\" tab_font=\"|700|||||||\" tab_text_color=\"#445689\"]Your content goes here. Edit or remove this text inline or in the module Content settings. You can also style every aspect of this content in the module Design settings and even apply custom CSS to this text in the module Advanced settings.[\/et_pb_tab][\/et_pb_tabs][\/et_pb_column][et_pb_column type=\"2_5\" _builder_version=\"4.9.0\" _module_preset=\"default\"][et_pb_image src=\"@ET-DC@eyJkeW5hbWljIjp0cnVlLCJjb250ZW50IjoicG9zdF9mZWF0dXJlZF9pbWFnZSIsInNldHRpbmdzIjp7fX0=@\" _builder_version=\"4.9.0\" _dynamic_attributes=\"src\" _module_preset=\"default\" border_radii=\"off|15px||15px|\"][\/et_pb_image][\/et_pb_column][\/et_pb_row][\/et_pb_section]","_et_gb_content_width":"1080","footnotes":""},"categories":[5],"tags":[],"class_list":["post-367","post","type-post","status-publish","format-standard","has-post-thumbnail","hentry","category-especializaciones"],"_links":{"self":[{"href":"https:\/\/www.facesulavirtual.org\/pcc\/wp-json\/wp\/v2\/posts\/367","targetHints":{"allow":["GET"]}}],"collection":[{"href":"https:\/\/www.facesulavirtual.org\/pcc\/wp-json\/wp\/v2\/posts"}],"about":[{"href":"https:\/\/www.facesulavirtual.org\/pcc\/wp-json\/wp\/v2\/types\/post"}],"author":[{"embeddable":true,"href":"https:\/\/www.facesulavirtual.org\/pcc\/wp-json\/wp\/v2\/users\/1"}],"replies":[{"embeddable":true,"href":"https:\/\/www.facesulavirtual.org\/pcc\/wp-json\/wp\/v2\/comments?post=367"}],"version-history":[{"count":8,"href":"https:\/\/www.facesulavirtual.org\/pcc\/wp-json\/wp\/v2\/posts\/367\/revisions"}],"predecessor-version":[{"id":1635,"href":"https:\/\/www.facesulavirtual.org\/pcc\/wp-json\/wp\/v2\/posts\/367\/revisions\/1635"}],"wp:featuredmedia":[{"embeddable":true,"href":"https:\/\/www.facesulavirtual.org\/pcc\/wp-json\/wp\/v2\/media\/369"}],"wp:attachment":[{"href":"https:\/\/www.facesulavirtual.org\/pcc\/wp-json\/wp\/v2\/media?parent=367"}],"wp:term":[{"taxonomy":"category","embeddable":true,"href":"https:\/\/www.facesulavirtual.org\/pcc\/wp-json\/wp\/v2\/categories?post=367"},{"taxonomy":"post_tag","embeddable":true,"href":"https:\/\/www.facesulavirtual.org\/pcc\/wp-json\/wp\/v2\/tags?post=367"}],"curies":[{"name":"wp","href":"https:\/\/api.w.org\/{rel}","templated":true}]}}