{"id":755,"date":"2021-10-18T00:45:38","date_gmt":"2021-10-18T00:45:38","guid":{"rendered":"https:\/\/www.facesulavirtual.org\/gilog\/?p=755"},"modified":"2023-01-16T14:28:57","modified_gmt":"2023-01-16T14:28:57","slug":"especializacion-en-derecho-del-trabajo-y-la-seguridad-social","status":"publish","type":"post","link":"https:\/\/www.facesulavirtual.org\/gilog\/estudios\/especializacion-en-derecho-del-trabajo-y-la-seguridad-social\/","title":{"rendered":"Especializaci\u00f3n en Derecho del Trabajo y la Seguridad Social"},"content":{"rendered":"<p>[et_pb_section fb_built=\u00bb1&#8243; _builder_version=\u00bb4.16&#8243; _module_preset=\u00bbdefault\u00bb custom_margin=\u00bb-40px|||||\u00bb custom_padding=\u00bb2px||5px|||\u00bb global_colors_info=\u00bb{}\u00bb][et_pb_row column_structure=\u00bb3_5,2_5&#8243; _builder_version=\u00bb4.16&#8243; _module_preset=\u00bbdefault\u00bb custom_margin=\u00bb1px|auto||auto||\u00bb custom_padding=\u00bb7px|||||\u00bb global_colors_info=\u00bb{}\u00bb][et_pb_column type=\u00bb3_5&#8243; _builder_version=\u00bb4.16&#8243; _module_preset=\u00bbdefault\u00bb global_colors_info=\u00bb{}\u00bb][et_pb_text _builder_version=\u00bb4.16&#8243; _module_preset=\u00bbdefault\u00bb text_font=\u00bb|700|||||||\u00bb text_text_color=\u00bb#ef6903&#8243; text_font_size=\u00bb35px\u00bb text_line_height=\u00bb1.8em\u00bb text_orientation=\u00bbcenter\u00bb custom_margin=\u00bb|||0px||\u00bb custom_padding=\u00bb0px|||||\u00bb text_font_size_tablet=\u00bb\u00bb text_font_size_phone=\u00bb25px\u00bb text_font_size_last_edited=\u00bbon|phone\u00bb global_colors_info=\u00bb{}\u00bb]<\/p>\n<p>ESPECIALIZACI\u00d3N EN<br \/> DERECHO DEL TRABAJO Y LA SEGURIDAD SOCIAL<\/p>\n<p>[\/et_pb_text][\/et_pb_column][et_pb_column type=\u00bb2_5&#8243; _builder_version=\u00bb4.16&#8243; _module_preset=\u00bbdefault\u00bb global_colors_info=\u00bb{}\u00bb][et_pb_image src=\u00bbhttp:\/\/www.facesulavirtual.org\/gilog\/wp-content\/uploads\/2023\/01\/Especializacion.jpg\u00bb title_text=\u00bbEspecializacion\u00bb _builder_version=\u00bb4.19.0&#8243; _module_preset=\u00bbdefault\u00bb width=\u00bb71%\u00bb height=\u00bb175px\u00bb custom_margin=\u00bb|||44px||\u00bb custom_padding=\u00bb0px||0px|||\u00bb hover_enabled=\u00bb0&#8243; border_radii=\u00bbon|12px|12px|12px|12px\u00bb global_colors_info=\u00bb{}\u00bb sticky_enabled=\u00bb0&#8243;][\/et_pb_image][\/et_pb_column][\/et_pb_row][et_pb_row _builder_version=\u00bb4.16&#8243; _module_preset=\u00bbdefault\u00bb custom_margin=\u00bb|auto|22px|auto||\u00bb custom_padding=\u00bb5px|||||\u00bb global_colors_info=\u00bb{}\u00bb][et_pb_column type=\u00bb4_4&#8243; _builder_version=\u00bb4.16&#8243; _module_preset=\u00bbdefault\u00bb global_colors_info=\u00bb{}\u00bb][et_pb_tabs active_tab_background_color=\u00bb#D6D6D6&#8243; active_tab_text_color=\u00bb#ef6903&#8243; _builder_version=\u00bb4.16&#8243; _module_preset=\u00bbdefault\u00bb custom_margin=\u00bb|8px||19px||\u00bb custom_padding=\u00bb|42px||23px||\u00bb border_radii=\u00bbon|12px|12px|12px|12px\u00bb box_shadow_style=\u00bbpreset5&#8243; global_colors_info=\u00bb{}\u00bb][et_pb_tab title=\u00bbAcerca de\u00bb _builder_version=\u00bb4.16&#8243; _module_preset=\u00bbdefault\u00bb body_line_height=\u00bb2em\u00bb tab_font=\u00bb|700|||||||\u00bb tab_text_color=\u00bb#8c072f\u00bb tab_font_size=\u00bb14px\u00bb global_colors_info=\u00bb{}\u00bb]<\/p>\n<div class=\"oKdM2c Kzv0Me\">\n<div id=\"h.2f12d0c776416299_53\" class=\"hJDwNd-AhqUyc-OwsYgb jXK9ad D2fZ2 OjCsFc GNzUNc\">\n<div class=\"jXK9ad-SmKAyb\">\n<div class=\"tyJCtd mGzaTb baZpAe\">\n<div jscontroller=\"Ae65rd\" jsaction=\"touchstart:UrsOsc; click:KjsqPd; focusout:QZoaZ; mouseover:y0pDld; mouseout:dq0hvd;fv1Rjc:jbFSOd;CrfLRd:SzACGe;\" class=\"CjVfdc\" style=\"text-align: justify;\">\n<p>Para el estudio de las organizaciones en todas sus esferas, instituciones pol\u00edticas, sistemas jur\u00eddicos, personas y procesos sociales que la componen. Esta especializaci\u00f3n aportar\u00e1 conocimientos actualizados y las mejores pr\u00e1cticas en el \u00e1rea del Derecho del Trabajo y La Seguridad Social, las cuales incidir\u00e1n significativamente en el crecimiento y desarrollo de la actividad profesional del estudiante y en los espacios donde sea requerida su asesor\u00eda de las relaciones laborales con los actores, tales como cooperativas, empresas de producci\u00f3n social, empresas cogestionar\u00edas, consejo de trabajadores, entre otros, coadyuvando de esta manera a la excelencia en el ejercicio profesional del derecho del trabajo en las instituciones p\u00fablicas como en el resto de las organizaciones y centros de trabajo que lo requieran.<\/p>\n<\/div>\n<\/div>\n<\/div>\n<\/div>\n<\/div>\n<p>[\/et_pb_tab][et_pb_tab title=\u00bbContenido\u00bb _builder_version=\u00bb4.16&#8243; _module_preset=\u00bbdefault\u00bb tab_font=\u00bb|700|||||||\u00bb tab_text_color=\u00bb#8c072f\u00bb tab_font_size=\u00bb14px\u00bb global_colors_info=\u00bb{}\u00bb]<\/p>\n<p><strong>Per\u00edodo acad\u00e9mico I<\/strong><\/p>\n<ul>\n<li>M\u00f3dulo Derecho Individual del Trabajo.<\/li>\n<li>M\u00f3dulo Derecho Colectivo del Trabajo.<\/li>\n<li>M\u00f3dulo sobre la Seguridad y Salud en el Trabajo.<\/li>\n<li>Cuantificaci\u00f3n de los Derecho Laborales.<\/li>\n<\/ul>\n<p><strong>Per\u00edodo acad\u00e9mico II<\/strong><\/p>\n<ul>\n<li>M\u00f3dulo sobre la Seguridad Social.<\/li>\n<li>M\u00f3dulo sobre Procedimientos Administrativos del Trabajo.<\/li>\n<li>M\u00f3dulo sobre Conflicto Colectivo del Trabajo.<\/li>\n<li>Electiva especialista I.<\/li>\n<\/ul>\n<p><strong>Per\u00edodo acad\u00e9mico III<\/strong><\/p>\n<ul>\n<li>M\u00f3dulo sobre la Seguridad Social y Pol\u00edtica Social.<\/li>\n<li>Electiva especialista II.<\/li>\n<li>M\u00f3dulo sobre Derecho Procesal del Trabajo.<\/li>\n<li>Trabajo Especial de Grado.<\/li>\n<\/ul>\n<p>[\/et_pb_tab][et_pb_tab title=\u00bbRequisitos\u00bb _builder_version=\u00bb4.16&#8243; _module_preset=\u00bbdefault\u00bb body_line_height=\u00bb2em\u00bb tab_font=\u00bb|700|||||||\u00bb tab_text_color=\u00bb#8c072f\u00bb tab_font_size=\u00bb14px\u00bb global_colors_info=\u00bb{}\u00bb]<\/p>\n<p style=\"text-align: justify;\">a) T\u00edtulo Universitario de Abogado obtenido en una Universidad de reconocido prestigio en el pa\u00eds o en el exterior, si es el \u00faltimo caso, el titulo deber\u00e1 estar legalizado en Venezuela.<\/p>\n<p style=\"text-align: justify;\">b) Solicitar admisi\u00f3n al curso correspondiente.<\/p>\n<p style=\"text-align: justify;\">c) Formalizar la inscripci\u00f3n.<\/p>\n<p style=\"text-align: justify;\"><strong>Recaudos exigidos<\/strong>: al momento de solicitar la inscripci\u00f3n a la Especializaci\u00f3n en Derecho del Trabajo y la Seguridad Social, el postulante debe presentar los siguientes recaudos:<\/p>\n<p style=\"text-align: justify;\">a) Solicitud de preinscripci\u00f3n.<\/p>\n<p style=\"text-align: justify;\">b) Original y fotocopia de la partida de nacimiento (Los nacionalizados deber\u00e1n consignar la Gaceta Oficial original).<\/p>\n<p style=\"text-align: justify;\">c) Fotocopia de la C\u00e9dula de Identidad.<\/p>\n<p style=\"text-align: justify;\">d) T\u00edtulo universitario original y fotocopia del mismo tama\u00f1o carta.<\/p>\n<p style=\"text-align: justify;\">e) Fotograf\u00eda fondo negro (Certificado) del t\u00edtulo universitario o registro original del mismo.<\/p>\n<p style=\"text-align: justify;\">f) Certificado en original de calificaciones obtenidas en los estudios de pregrado y fotocopias de las mismas.<\/p>\n<p style=\"text-align: justify;\">g) Poseer conocimiento instrumental de un segundo idioma.<\/p>\n<p style=\"text-align: justify;\">h) Curr\u00edculo vitae con sus respectivos soportes.<\/p>\n<p style=\"text-align: justify;\">i) Tres (3) fotograf\u00edas recientes de frente tama\u00f1o carnet.<\/p>\n<p style=\"text-align: justify;\">j) Dep\u00f3sito bancario.<\/p>\n<p style=\"text-align: justify;\">k) Tener a menos dos (02) a\u00f1os de experiencia en el \u00e1rea.<\/p>\n<p>[\/et_pb_tab][et_pb_tab title=\u00bbModalidad\u00bb _builder_version=\u00bb4.16&#8243; _module_preset=\u00bbdefault\u00bb body_line_height=\u00bb2em\u00bb tab_font=\u00bb|700|||||||\u00bb tab_text_color=\u00bb#8c072f\u00bb tab_font_size=\u00bb14px\u00bb global_colors_info=\u00bb{}\u00bb]<\/p>\n<p style=\"text-align: justify;\">La modalidad de estudio es semipresencial, sustentada en la plataforma tecnol\u00f3gica de la Universidad de Los Andes, Wifi en el N\u00facleo \u201cLiria\u201d. El Sal\u00f3n del BCV FACES-ULA dotado con la tecnolog\u00eda necesaria para video conferencias, adem\u00e1s de la Plataforma de Estudios Interactivos a Distancia de la ULA coordinado por la Coordinaci\u00f3n General de Estudios Interactivos a Distancia (CEIDIS). Tambi\u00e9n, hoy d\u00eda Schoology y Google-Drive constituyen medios accesibles y pr\u00e1cticos que permiten desarrollar de f\u00e1cil manera los estudios semipresenciales.<\/p>\n<p>[\/et_pb_tab][et_pb_tab title=\u00bbInstructivo\u00bb _builder_version=\u00bb4.16&#8243; _module_preset=\u00bbdefault\u00bb tab_font=\u00bb|700|||||||\u00bb tab_text_color=\u00bb#8c072f\u00bb tab_font_size=\u00bb14px\u00bb global_colors_info=\u00bb{}\u00bb]<\/p>\n<p style=\"text-align: justify;\">A continuaci\u00f3n podr\u00e1s descargar el <a href=\"http:\/\/www.facesulavirtual.org\/gilog\/wp-content\/uploads\/2021\/10\/Reglamento-de-la-Especializacion.pdf\" rel=\"attachment wp-att-744\">instructivo<\/a> de la Especializaci\u00f3n de Derecho del Trabajo y la Seguridad Social donde podr\u00e1 encontrar m\u00e1s detalles acerca de este programa acad\u00e9mico.<\/p>\n<p>[\/et_pb_tab][et_pb_tab title=\u00bbInscripciones\u00bb _builder_version=\u00bb4.16&#8243; _module_preset=\u00bbdefault\u00bb body_line_height=\u00bb2em\u00bb tab_font=\u00bb|700|||||||\u00bb tab_text_color=\u00bb#8c072f\u00bb tab_font_size=\u00bb14px\u00bb global_colors_info=\u00bb{}\u00bb]<\/p>\n<p><span>Para ingresar a nuestro programa de especializaci\u00f3n puedes enviar tu solicitud como aspirante a trav\u00e9s del sistema <a href=\"https:\/\/www.facesulavirtual.org\/gilog\/gilog_net\/frontend\/web\/\"><span style=\"color: #ff6600;\"><strong>GilogNet<\/strong><\/span><\/a><\/span><\/p>\n<p>[\/et_pb_tab][\/et_pb_tabs][\/et_pb_column][\/et_pb_row][\/et_pb_section]<\/p>\n","protected":false},"excerpt":{"rendered":"<p>ESPECIALIZACI\u00d3N EN DERECHO DEL TRABAJO Y LA SEGURIDAD SOCIAL Para el estudio de las organizaciones en todas sus esferas, instituciones pol\u00edticas, sistemas jur\u00eddicos, personas y procesos sociales que la componen. Esta especializaci\u00f3n aportar\u00e1 conocimientos actualizados y las mejores pr\u00e1cticas en el \u00e1rea del Derecho del Trabajo y La Seguridad Social, las cuales incidir\u00e1n significativamente en [&hellip;]<\/p>\n","protected":false},"author":1,"featured_media":637,"comment_status":"closed","ping_status":"open","sticky":false,"template":"","format":"standard","meta":{"_et_pb_use_builder":"on","_et_pb_old_content":"","_et_gb_content_width":"1080","footnotes":""},"categories":[5],"tags":[],"class_list":["post-755","post","type-post","status-publish","format-standard","has-post-thumbnail","hentry","category-estudios"],"_links":{"self":[{"href":"https:\/\/www.facesulavirtual.org\/gilog\/wp-json\/wp\/v2\/posts\/755","targetHints":{"allow":["GET"]}}],"collection":[{"href":"https:\/\/www.facesulavirtual.org\/gilog\/wp-json\/wp\/v2\/posts"}],"about":[{"href":"https:\/\/www.facesulavirtual.org\/gilog\/wp-json\/wp\/v2\/types\/post"}],"author":[{"embeddable":true,"href":"https:\/\/www.facesulavirtual.org\/gilog\/wp-json\/wp\/v2\/users\/1"}],"replies":[{"embeddable":true,"href":"https:\/\/www.facesulavirtual.org\/gilog\/wp-json\/wp\/v2\/comments?post=755"}],"version-history":[{"count":9,"href":"https:\/\/www.facesulavirtual.org\/gilog\/wp-json\/wp\/v2\/posts\/755\/revisions"}],"predecessor-version":[{"id":994,"href":"https:\/\/www.facesulavirtual.org\/gilog\/wp-json\/wp\/v2\/posts\/755\/revisions\/994"}],"wp:featuredmedia":[{"embeddable":true,"href":"https:\/\/www.facesulavirtual.org\/gilog\/wp-json\/wp\/v2\/media\/637"}],"wp:attachment":[{"href":"https:\/\/www.facesulavirtual.org\/gilog\/wp-json\/wp\/v2\/media?parent=755"}],"wp:term":[{"taxonomy":"category","embeddable":true,"href":"https:\/\/www.facesulavirtual.org\/gilog\/wp-json\/wp\/v2\/categories?post=755"},{"taxonomy":"post_tag","embeddable":true,"href":"https:\/\/www.facesulavirtual.org\/gilog\/wp-json\/wp\/v2\/tags?post=755"}],"curies":[{"name":"wp","href":"https:\/\/api.w.org\/{rel}","templated":true}]}}