{"id":315,"date":"2021-09-17T00:48:18","date_gmt":"2021-09-17T00:48:18","guid":{"rendered":"https:\/\/www.facesulavirtual.org\/gilog\/?p=315"},"modified":"2021-10-18T20:10:55","modified_gmt":"2021-10-18T20:10:55","slug":"sandra-lisdee-benitez-uzcategui","status":"publish","type":"post","link":"https:\/\/www.facesulavirtual.org\/gilog\/integrantes\/sandra-lisdee-benitez-uzcategui\/","title":{"rendered":"Sandra Lisdee Ben\u00edtez Uzc\u00e1tegui"},"content":{"rendered":"<p>[et_pb_section fb_built=\u00bb1&#8243; _builder_version=\u00bb4.9.0&#8243; _module_preset=\u00bbdefault\u00bb custom_padding=\u00bb0px|||||\u00bb][et_pb_row _builder_version=\u00bb4.9.0&#8243; _module_preset=\u00bbdefault\u00bb custom_padding=\u00bb||19px|||\u00bb][et_pb_column type=\u00bb4_4&#8243; _builder_version=\u00bb4.9.0&#8243; _module_preset=\u00bbdefault\u00bb][et_pb_text _builder_version=\u00bb4.9.0&#8243; _module_preset=\u00bbdefault\u00bb text_font=\u00bb|700|||||||\u00bb text_text_color=\u00bb#ef6903&#8243; text_font_size=\u00bb35px\u00bb custom_margin=\u00bb-121px||-16px|||\u00bb custom_padding=\u00bb0px||38px|||\u00bb hover_enabled=\u00bb0&#8243; text_font_size_last_edited=\u00bbon|phone\u00bb text_font_size_phone=\u00bb25px\u00bb sticky_enabled=\u00bb0&#8243;]<\/p>\n<p><span>\u00a0<\/span><\/p>\n<p>Sandra Lisdee Ben\u00edtez Uzc\u00e1tegui<\/p>\n<p>[\/et_pb_text][\/et_pb_column][\/et_pb_row][et_pb_row column_structure=\u00bb3_5,2_5&#8243; _builder_version=\u00bb4.9.0&#8243; _module_preset=\u00bbdefault\u00bb custom_margin=\u00bb-7px|auto||auto||\u00bb custom_padding=\u00bb0px|||||\u00bb][et_pb_column type=\u00bb3_5&#8243; _builder_version=\u00bb4.9.0&#8243; _module_preset=\u00bbdefault\u00bb][et_pb_text _builder_version=\u00bb4.9.0&#8243; _module_preset=\u00bbdefault\u00bb text_font_size=\u00bb16px\u00bb text_line_height=\u00bb2em\u00bb text_orientation=\u00bbjustified\u00bb]<\/p>\n<p dir=\"ltr\" class=\"CDt4Ke zfr3Q\"><span>Es Ingeniero de Sistemas, Magister en Administraci\u00f3n (CIDE-ULA); Pasant\u00eda en la Universidad de Murcia, Facultad de Inform\u00e1tica, Departamento de Ingenier\u00eda de la Informaci\u00f3n y Comunicaciones.\u00a0<\/span><span>Candidata a Doctora en Ciencias Organizacionales<\/span><span>, ULA<\/span><span>\u00a0Ha sido Administrador General de Tecnolog\u00edas de Informaci\u00f3n y Comunicaciones (TIC) de la ULA; Coordinadora de la Red de Datos de la Universidad de Los Andes (RedULA); Analista de Sistemas II; Becaria del Programa Alfa\u00a0<\/span><span><em>\u201cKnowledge Management Tecnologies for Organisations\u201d;<\/em><\/span><span>\u00a0Autora de art\u00edculos publicados en revistas cient\u00edficas; ponente nacional e internacional; Coordinadora de CTICA, Universidad de Los Andes, M\u00e9rida-Venezuela.<\/span><\/p>\n<p><span><strong>E-mail:<\/strong> sandrab@ula.ve<\/span><\/p>\n<p>[\/et_pb_text][\/et_pb_column][et_pb_column type=\u00bb2_5&#8243; _builder_version=\u00bb4.9.0&#8243; _module_preset=\u00bbdefault\u00bb][et_pb_image src=\u00bbhttp:\/\/www.facesulavirtual.org\/gilog\/wp-content\/uploads\/2021\/09\/Sandra-Benitez.jpg\u00bb title_text=\u00bbSandra Ben\u00edtez\u00bb _builder_version=\u00bb4.9.0&#8243; _module_preset=\u00bbdefault\u00bb border_radii=\u00bboff|12px||12px|\u00bb box_shadow_style=\u00bbpreset4&#8243; box_shadow_color=\u00bb#ef6903&#8243; custom_margin=\u00bb62px|||||\u00bb][\/et_pb_image][\/et_pb_column][\/et_pb_row][\/et_pb_section]<\/p>\n","protected":false},"excerpt":{"rendered":"<p>\u00a0 Sandra Lisdee Ben\u00edtez Uzc\u00e1teguiEs Ingeniero de Sistemas, Magister en Administraci\u00f3n (CIDE-ULA); Pasant\u00eda en la Universidad de Murcia, Facultad de Inform\u00e1tica, Departamento de Ingenier\u00eda de la Informaci\u00f3n y Comunicaciones.\u00a0Candidata a Doctora en Ciencias Organizacionales, ULA\u00a0Ha sido Administrador General de Tecnolog\u00edas de Informaci\u00f3n y Comunicaciones (TIC) de la ULA; Coordinadora de la Red de Datos de [&hellip;]<\/p>\n","protected":false},"author":1,"featured_media":644,"comment_status":"closed","ping_status":"open","sticky":false,"template":"","format":"standard","meta":{"_et_pb_use_builder":"on","_et_pb_old_content":"[et_pb_section fb_built=\"1\" _builder_version=\"4.9.0\" _module_preset=\"default\"][et_pb_row _builder_version=\"4.9.0\" _module_preset=\"default\"][et_pb_column type=\"4_4\" _builder_version=\"4.9.0\" _module_preset=\"default\"][et_pb_text _builder_version=\"4.9.0\" _module_preset=\"default\" text_font=\"|700|||||||\" text_text_color=\"#ef6903\" text_font_size=\"35px\" custom_margin=\"-72px||-16px|||\" custom_padding=\"0px||38px|||\" hover_enabled=\"0\" sticky_enabled=\"0\"]\n\n<span>&nbsp;<\/span>\n\n<span>Mar\u00eda Fernanda Silva<\/span>\n\n[\/et_pb_text][\/et_pb_column][\/et_pb_row][et_pb_row column_structure=\"3_5,2_5\" _builder_version=\"4.9.0\" _module_preset=\"default\"][et_pb_column type=\"3_5\" _builder_version=\"4.9.0\" _module_preset=\"default\"][et_pb_text _builder_version=\"4.9.0\" _module_preset=\"default\" text_font_size=\"16px\" text_line_height=\"2em\" text_orientation=\"justified\" hover_enabled=\"0\" sticky_enabled=\"0\"]\n<p dir=\"ltr\" class=\"CDt4Ke zfr3Q\"><span>Es Abogado (ULA), Especialista en Derecho Mercantil (ULA), Profesora Asistente Adscrita a la C\u00e1tedra de Legislaci\u00f3n Organizacional de la Escuela de Administraci\u00f3n y Contadur\u00eda P\u00fablica de la Facultad de Ciencias Econ\u00f3micas y Sociales de La Universidad de Los Andes, M\u00e9rida-Venezuela. <\/span><span>Candidata a Doctora en Ciencias Organizacionales<\/span><span>, ULA<\/span><span>, Ms.C. <\/span><span>en Ciencias Jur\u00eddicas de La Universidad Experimental de Las Fuerzas Armadas (UNEFA). Autora de art\u00edculos publicados en revistas cient\u00edficas. Miembro activo del Grupo de Investigaci\u00f3n de Legislaci\u00f3n Organizacional y Gerencia (GILOG).<\/span><\/p>\n<span><strong>L\u00ednea de investigaci\u00f3n:<\/strong><\/span><span>&nbsp;Derecho del Trabajo (Relaciones laborales), tercerizaci\u00f3n, delitos inform\u00e1ticos y certificaci\u00f3n electr\u00f3nica.<\/span>\n\n<span><strong>Sus redes sociales:<\/strong> IG: @mafersilva.<strong>&nbsp;<\/strong>E-mail: mafersilvaula@gmail.com <\/span>\n\n[\/et_pb_text][\/et_pb_column][et_pb_column type=\"2_5\" _builder_version=\"4.9.0\" _module_preset=\"default\"][et_pb_image src=\"http:\/\/www.facesulavirtual.org\/gilog\/wp-content\/uploads\/2021\/09\/Maria-Alejandra-Silva-1.png\" title_text=\"Mar\u00eda Alejandra Silva\" _builder_version=\"4.9.0\" _module_preset=\"default\" hover_enabled=\"0\" border_radii=\"off|12px||12px|\" box_shadow_style=\"preset4\" box_shadow_color=\"#ef6903\" sticky_enabled=\"0\"][\/et_pb_image][\/et_pb_column][\/et_pb_row][\/et_pb_section]","_et_gb_content_width":"1080","footnotes":""},"categories":[3],"tags":[],"class_list":["post-315","post","type-post","status-publish","format-standard","has-post-thumbnail","hentry","category-integrantes"],"_links":{"self":[{"href":"https:\/\/www.facesulavirtual.org\/gilog\/wp-json\/wp\/v2\/posts\/315","targetHints":{"allow":["GET"]}}],"collection":[{"href":"https:\/\/www.facesulavirtual.org\/gilog\/wp-json\/wp\/v2\/posts"}],"about":[{"href":"https:\/\/www.facesulavirtual.org\/gilog\/wp-json\/wp\/v2\/types\/post"}],"author":[{"embeddable":true,"href":"https:\/\/www.facesulavirtual.org\/gilog\/wp-json\/wp\/v2\/users\/1"}],"replies":[{"embeddable":true,"href":"https:\/\/www.facesulavirtual.org\/gilog\/wp-json\/wp\/v2\/comments?post=315"}],"version-history":[{"count":11,"href":"https:\/\/www.facesulavirtual.org\/gilog\/wp-json\/wp\/v2\/posts\/315\/revisions"}],"predecessor-version":[{"id":993,"href":"https:\/\/www.facesulavirtual.org\/gilog\/wp-json\/wp\/v2\/posts\/315\/revisions\/993"}],"wp:featuredmedia":[{"embeddable":true,"href":"https:\/\/www.facesulavirtual.org\/gilog\/wp-json\/wp\/v2\/media\/644"}],"wp:attachment":[{"href":"https:\/\/www.facesulavirtual.org\/gilog\/wp-json\/wp\/v2\/media?parent=315"}],"wp:term":[{"taxonomy":"category","embeddable":true,"href":"https:\/\/www.facesulavirtual.org\/gilog\/wp-json\/wp\/v2\/categories?post=315"},{"taxonomy":"post_tag","embeddable":true,"href":"https:\/\/www.facesulavirtual.org\/gilog\/wp-json\/wp\/v2\/tags?post=315"}],"curies":[{"name":"wp","href":"https:\/\/api.w.org\/{rel}","templated":true}]}}