{"id":310,"date":"2021-09-17T00:43:08","date_gmt":"2021-09-17T00:43:08","guid":{"rendered":"https:\/\/www.facesulavirtual.org\/gilog\/?p=310"},"modified":"2021-10-18T20:09:06","modified_gmt":"2021-10-18T20:09:06","slug":"maria-fernanda-silva-dugarte","status":"publish","type":"post","link":"https:\/\/www.facesulavirtual.org\/gilog\/integrantes\/maria-fernanda-silva-dugarte\/","title":{"rendered":"Mar\u00eda Fernanda Silva Dugarte"},"content":{"rendered":"<p>[et_pb_section fb_built=\u00bb1&#8243; _builder_version=\u00bb4.9.0&#8243; _module_preset=\u00bbdefault\u00bb][et_pb_row _builder_version=\u00bb4.9.0&#8243; _module_preset=\u00bbdefault\u00bb custom_padding=\u00bb||0px|||\u00bb][et_pb_column type=\u00bb4_4&#8243; _builder_version=\u00bb4.9.0&#8243; _module_preset=\u00bbdefault\u00bb][et_pb_text _builder_version=\u00bb4.9.0&#8243; _module_preset=\u00bbdefault\u00bb text_font=\u00bb|700|||||||\u00bb text_text_color=\u00bb#ef6903&#8243; text_font_size=\u00bb35px\u00bb custom_margin=\u00bb-176px||-16px|||\u00bb custom_padding=\u00bb0px||38px|||\u00bb hover_enabled=\u00bb0&#8243; text_font_size_last_edited=\u00bbon|phone\u00bb text_font_size_phone=\u00bb25px\u00bb sticky_enabled=\u00bb0&#8243;]<\/p>\n<p><span>\u00a0<\/span><\/p>\n<p><span>Mar\u00eda Fernanda Silva Dugarte<\/span><\/p>\n<p>[\/et_pb_text][\/et_pb_column][\/et_pb_row][et_pb_row column_structure=\u00bb3_5,2_5&#8243; _builder_version=\u00bb4.9.0&#8243; _module_preset=\u00bbdefault\u00bb custom_padding=\u00bb0px|||||\u00bb][et_pb_column type=\u00bb3_5&#8243; _builder_version=\u00bb4.9.0&#8243; _module_preset=\u00bbdefault\u00bb][et_pb_text _builder_version=\u00bb4.9.0&#8243; _module_preset=\u00bbdefault\u00bb text_font_size=\u00bb16px\u00bb text_line_height=\u00bb2em\u00bb text_orientation=\u00bbjustified\u00bb custom_margin=\u00bb-28px|||||\u00bb custom_padding=\u00bb0px|||||\u00bb]<\/p>\n<p dir=\"ltr\" class=\"CDt4Ke zfr3Q\"><span>Es Abogado (ULA), Especialista en Derecho Mercantil (ULA), Profesora Asistente Adscrita a la C\u00e1tedra de Legislaci\u00f3n Organizacional de la Escuela de Administraci\u00f3n y Contadur\u00eda P\u00fablica de la Facultad de Ciencias Econ\u00f3micas y Sociales de La Universidad de Los Andes, M\u00e9rida-Venezuela. <\/span><span>Candidata a Doctora en Ciencias Organizacionales<\/span><span>, ULA<\/span><span>, Ms.C. <\/span><span>en Ciencias Jur\u00eddicas de La Universidad Experimental de Las Fuerzas Armadas (UNEFA). Autora de art\u00edculos publicados en revistas cient\u00edficas. Miembro activo del Grupo de Investigaci\u00f3n de Legislaci\u00f3n Organizacional y Gerencia (GILOG).<\/span><\/p>\n<p><span><strong>L\u00ednea de investigaci\u00f3n:<\/strong><\/span><span>\u00a0Derecho del Trabajo (Relaciones laborales), tercerizaci\u00f3n, delitos inform\u00e1ticos y certificaci\u00f3n electr\u00f3nica.<\/span><\/p>\n<p><span><strong>Sus redes sociales:<\/strong> IG: @mafersilva.<strong>\u00a0<\/strong>E-mail: mafersilvaula@gmail.com <\/span><\/p>\n<p>[\/et_pb_text][\/et_pb_column][et_pb_column type=\u00bb2_5&#8243; _builder_version=\u00bb4.9.0&#8243; _module_preset=\u00bbdefault\u00bb][et_pb_image src=\u00bbhttp:\/\/www.facesulavirtual.org\/gilog\/wp-content\/uploads\/2021\/09\/Maria-Alejandra-Silva-1.png\u00bb title_text=\u00bbMar\u00eda Alejandra Silva\u00bb _builder_version=\u00bb4.9.0&#8243; _module_preset=\u00bbdefault\u00bb custom_margin=\u00bb45px|||||\u00bb border_radii=\u00bboff|12px||12px|\u00bb box_shadow_style=\u00bbpreset4&#8243; box_shadow_color=\u00bb#ef6903&#8243;][\/et_pb_image][\/et_pb_column][\/et_pb_row][\/et_pb_section]<\/p>\n","protected":false},"excerpt":{"rendered":"<p>\u00a0 Mar\u00eda Fernanda Silva DugarteEs Abogado (ULA), Especialista en Derecho Mercantil (ULA), Profesora Asistente Adscrita a la C\u00e1tedra de Legislaci\u00f3n Organizacional de la Escuela de Administraci\u00f3n y Contadur\u00eda P\u00fablica de la Facultad de Ciencias Econ\u00f3micas y Sociales de La Universidad de Los Andes, M\u00e9rida-Venezuela. Candidata a Doctora en Ciencias Organizacionales, ULA, Ms.C. en Ciencias Jur\u00eddicas [&hellip;]<\/p>\n","protected":false},"author":1,"featured_media":644,"comment_status":"closed","ping_status":"open","sticky":false,"template":"","format":"standard","meta":{"_et_pb_use_builder":"on","_et_pb_old_content":"[et_pb_section fb_built=\"1\" _builder_version=\"4.9.0\" _module_preset=\"default\"][et_pb_row _builder_version=\"4.9.0\" _module_preset=\"default\"][et_pb_column type=\"4_4\" _builder_version=\"4.9.0\" _module_preset=\"default\"][et_pb_text _builder_version=\"4.9.0\" _module_preset=\"default\" text_font=\"|700|||||||\" text_text_color=\"#ef6903\" text_font_size=\"35px\" custom_margin=\"-72px||-16px|||\" custom_padding=\"0px||38px|||\" hover_enabled=\"0\" sticky_enabled=\"0\"]\n\n<span>&nbsp;<\/span>\n\n<span>C\u00e9sar Enrique Mora<\/span>\n\n[\/et_pb_text][\/et_pb_column][\/et_pb_row][et_pb_row column_structure=\"3_5,2_5\" _builder_version=\"4.9.0\" _module_preset=\"default\"][et_pb_column type=\"3_5\" _builder_version=\"4.9.0\" _module_preset=\"default\"][et_pb_text _builder_version=\"4.9.0\" _module_preset=\"default\" text_font_size=\"16px\" text_line_height=\"2em\" text_orientation=\"justified\" hover_enabled=\"0\" sticky_enabled=\"0\"]\n<p dir=\"ltr\" class=\"CDt4Ke zfr3Q\"><span>Es egresado de la Universidad de Los Andes como Licenciado en Administraci\u00f3n de Empresas (1998) y MBA&nbsp;<\/span><span><em>(Master in Business Administration) por ESADE Business School&nbsp;<\/em><\/span><span>en el a\u00f1o 2001, con intensificaci\u00f3n en Marketing, enfoc\u00e1ndose en Planificaci\u00f3n Estrat\u00e9gica y Comunicaci\u00f3n.&nbsp;<\/span>Candidato a Doctor en Ciencias Organizacionales<span>, ULA. Fue cofundador de&nbsp;<\/span><span><em>BMD Consulting&nbsp;<\/em><\/span><span>en septiembre del 2003, all\u00ed fue responsable de los lineamientos estrat\u00e9gicos de la organizaci\u00f3n. Ha trabajado en empresas relacionadas con Internet, destac\u00e1ndose a su paso como Marketing&nbsp;<\/span><span><em>AND Business Development Manager&nbsp;<\/em><\/span><span>en Canal Web Espa\u00f1a, la que fuese en su momento la primera plataforma de televisi\u00f3n por Internet de Europa.<\/span><\/p>\n<p dir=\"ltr\" class=\"CDt4Ke zfr3Q\"><span>Como profesor de la Universidad de Los Andes, Facultad de Ciencias Econ\u00f3micas y Sociales (FACES), realiza actividades en las tres l\u00edneas que indica el Estatuto del Personal Docente y de Investigaci\u00f3n, vale mencionar: actividades acad\u00e9micas, de investigaci\u00f3n y de extensi\u00f3n. Desde el punto de vista acad\u00e9mico es profesor ordinario, a nivel de&nbsp;<\/span>Asociado&nbsp;y con Dedicaci\u00f3n Exclusiva, de las asignaturas de la&nbsp;C\u00e1tedra de Mercadotecnia,&nbsp;<span>tanto del pregrado en FACES, como de las relacionadas con la misma dentro del postgrado del Centro de Investigaciones y Desarrollo Empresarial (CIDE).Miembro activo del Grupo de Legislaci\u00f3n Organizacional y Gerencia (GILOG).<\/span><\/p>\n<span><strong>L\u00ednea de investigaci\u00f3n:<\/strong><\/span><span>&nbsp;Actualmente desarrolla un proyecto de investigaci\u00f3n llamado El Marketing Fractal: De la dualidad organizacional al pensamiento no-lineal de las organizaciones orientadas al Marketing.<\/span>\n\n<span><strong>Sus redes sociales:<\/strong> IG\/Twitter: @moracesar\/marketingfractal.<strong>&nbsp;<\/strong>E-mail: moracesar@gmail.com<\/span>\n\n[\/et_pb_text][\/et_pb_column][et_pb_column type=\"2_5\" _builder_version=\"4.9.0\" _module_preset=\"default\"][et_pb_image src=\"http:\/\/www.facesulavirtual.org\/gilog\/wp-content\/uploads\/2021\/09\/Cesar-Enrique-Mora-1.png\" title_text=\"C\u00e9sar Enrique Mora\" _builder_version=\"4.9.0\" _module_preset=\"default\" hover_enabled=\"0\" border_radii=\"off|12px||12px|\" box_shadow_style=\"preset4\" box_shadow_color=\"#ef6903\" sticky_enabled=\"0\"][\/et_pb_image][\/et_pb_column][\/et_pb_row][\/et_pb_section]","_et_gb_content_width":"1080","footnotes":""},"categories":[3],"tags":[],"class_list":["post-310","post","type-post","status-publish","format-standard","has-post-thumbnail","hentry","category-integrantes"],"_links":{"self":[{"href":"https:\/\/www.facesulavirtual.org\/gilog\/wp-json\/wp\/v2\/posts\/310","targetHints":{"allow":["GET"]}}],"collection":[{"href":"https:\/\/www.facesulavirtual.org\/gilog\/wp-json\/wp\/v2\/posts"}],"about":[{"href":"https:\/\/www.facesulavirtual.org\/gilog\/wp-json\/wp\/v2\/types\/post"}],"author":[{"embeddable":true,"href":"https:\/\/www.facesulavirtual.org\/gilog\/wp-json\/wp\/v2\/users\/1"}],"replies":[{"embeddable":true,"href":"https:\/\/www.facesulavirtual.org\/gilog\/wp-json\/wp\/v2\/comments?post=310"}],"version-history":[{"count":9,"href":"https:\/\/www.facesulavirtual.org\/gilog\/wp-json\/wp\/v2\/posts\/310\/revisions"}],"predecessor-version":[{"id":826,"href":"https:\/\/www.facesulavirtual.org\/gilog\/wp-json\/wp\/v2\/posts\/310\/revisions\/826"}],"wp:featuredmedia":[{"embeddable":true,"href":"https:\/\/www.facesulavirtual.org\/gilog\/wp-json\/wp\/v2\/media\/644"}],"wp:attachment":[{"href":"https:\/\/www.facesulavirtual.org\/gilog\/wp-json\/wp\/v2\/media?parent=310"}],"wp:term":[{"taxonomy":"category","embeddable":true,"href":"https:\/\/www.facesulavirtual.org\/gilog\/wp-json\/wp\/v2\/categories?post=310"},{"taxonomy":"post_tag","embeddable":true,"href":"https:\/\/www.facesulavirtual.org\/gilog\/wp-json\/wp\/v2\/tags?post=310"}],"curies":[{"name":"wp","href":"https:\/\/api.w.org\/{rel}","templated":true}]}}