{"id":295,"date":"2021-09-16T23:54:43","date_gmt":"2021-09-16T23:54:43","guid":{"rendered":"https:\/\/www.facesulavirtual.org\/gilog\/?p=295"},"modified":"2025-01-22T01:31:04","modified_gmt":"2025-01-22T01:31:04","slug":"maria-virginia-camacaro-perez","status":"publish","type":"post","link":"https:\/\/www.facesulavirtual.org\/gilog\/integrantes\/maria-virginia-camacaro-perez\/","title":{"rendered":"Mar\u00eda Virginia Camacaro P\u00e9rez"},"content":{"rendered":"<p>[et_pb_section fb_built=\u00bb1&#8243; _builder_version=\u00bb4.16&#8243; _module_preset=\u00bbdefault\u00bb global_colors_info=\u00bb{}\u00bb][et_pb_row _builder_version=\u00bb4.16&#8243; _module_preset=\u00bbdefault\u00bb custom_padding=\u00bb27px|||||\u00bb global_colors_info=\u00bb{}\u00bb][et_pb_column type=\u00bb4_4&#8243; _builder_version=\u00bb4.16&#8243; _module_preset=\u00bbdefault\u00bb global_colors_info=\u00bb{}\u00bb][et_pb_text _builder_version=\u00bb4.16&#8243; _module_preset=\u00bbdefault\u00bb text_font=\u00bb|700|||||||\u00bb text_text_color=\u00bb#ef6903&#8243; text_font_size=\u00bb35px\u00bb custom_margin=\u00bb-173px||-16px|||\u00bb custom_padding=\u00bb0px||38px|||\u00bb text_font_size_tablet=\u00bb\u00bb text_font_size_phone=\u00bb25px\u00bb text_font_size_last_edited=\u00bbon|phone\u00bb global_colors_info=\u00bb{}\u00bb]<\/p>\n<p><span>\u00a0<\/span><\/p>\n<p><span>Mar\u00eda Virginia Camacaro P\u00e9rez<\/span><\/p>\n<p>[\/et_pb_text][\/et_pb_column][\/et_pb_row][et_pb_row column_structure=\u00bb3_5,2_5&#8243; _builder_version=\u00bb4.16&#8243; _module_preset=\u00bbdefault\u00bb global_colors_info=\u00bb{}\u00bb][et_pb_column type=\u00bb3_5&#8243; _builder_version=\u00bb4.16&#8243; _module_preset=\u00bbdefault\u00bb global_colors_info=\u00bb{}\u00bb][et_pb_text _builder_version=\u00bb4.16&#8243; _module_preset=\u00bbdefault\u00bb text_font_size=\u00bb16px\u00bb text_line_height=\u00bb2em\u00bb text_orientation=\u00bbjustified\u00bb custom_margin=\u00bb-87px|||||\u00bb custom_padding=\u00bb13px|||||\u00bb global_colors_info=\u00bb{}\u00bb]<\/p>\n<p><span>Es <\/span>ingeniero de sistemas del Instituto Polit\u00e9cnico Universitario Santiago Mari\u00f1o, contador p\u00fablico de la Universidad de los Andes, mag\u00edster en administraci\u00f3n menci\u00f3n gerencia de la ULA, doctora en ciencias organizacionales de la ULA, diplomado en creaci\u00f3n de contenido con inteligencia artificial y diplomado en emprendimiento Canvas.<\/p>\n<p>Es profesora asociada, adscrita a la c\u00e1tedra de administraci\u00f3n, gerencia y capital humano de la Facultad de Ciencias Econ\u00f3micas y Sociales de la Universidad de los Andes en M\u00e9rida, Venezuela. Es coeditora de la revista <em>Sapienza Organizacional<\/em> y autora de art\u00edculos publicados en revistas cient\u00edficas. Tambi\u00e9n es investigadora activa del programa PAY OPTIC A1 y miembro activo del grupo de legislaci\u00f3n organizacional y gerencia (GILOG).\u00a0<span><\/span><\/p>\n<p><span><strong>L\u00ednea de investigaci\u00f3n:<\/strong><\/span><span> Talento Humano, Gesti\u00f3n Administrativa, Organizaciones Inteligentes y Organizaciones Saludables.<\/span><\/p>\n<p><span><strong>Sus redes sociales:<\/strong> IG:@marivicamacaro<strong>. <\/strong>E-mail: marivicamacaro@gmail.com<\/span><\/p>\n<p>[\/et_pb_text][\/et_pb_column][et_pb_column type=\u00bb2_5&#8243; _builder_version=\u00bb4.16&#8243; _module_preset=\u00bbdefault\u00bb global_colors_info=\u00bb{}\u00bb][et_pb_image src=\u00bbhttp:\/\/www.facesulavirtual.org\/gilog\/wp-content\/uploads\/2023\/01\/camacaro.jpg\u00bb title_text=\u00bbcamacaro\u00bb _builder_version=\u00bb4.19.0&#8243; _module_preset=\u00bbdefault\u00bb custom_margin=\u00bb-66px|||||\u00bb border_radii=\u00bboff|12px||12px|\u00bb box_shadow_style=\u00bbpreset4&#8243; box_shadow_color=\u00bb#ef6903&#8243; global_colors_info=\u00bb{}\u00bb][\/et_pb_image][et_pb_video src=\u00bbhttps:\/\/www.youtube.com\/watch?v=4Tp-SRaJGig\u00bb _builder_version=\u00bb4.27.4&#8243; _module_preset=\u00bbdefault\u00bb hover_enabled=\u00bb0&#8243; sticky_enabled=\u00bb0&#8243;][\/et_pb_video][\/et_pb_column][\/et_pb_row][\/et_pb_section]<\/p>\n","protected":false},"excerpt":{"rendered":"<p>\u00a0 Mar\u00eda Virginia Camacaro P\u00e9rezEs ingeniero de sistemas del Instituto Polit\u00e9cnico Universitario Santiago Mari\u00f1o, contador p\u00fablico de la Universidad de los Andes, mag\u00edster en administraci\u00f3n menci\u00f3n gerencia de la ULA, doctora en ciencias organizacionales de la ULA, diplomado en creaci\u00f3n de contenido con inteligencia artificial y diplomado en emprendimiento Canvas. Es profesora asociada, adscrita a [&hellip;]<\/p>\n","protected":false},"author":1,"featured_media":644,"comment_status":"closed","ping_status":"open","sticky":false,"template":"","format":"standard","meta":{"_et_pb_use_builder":"on","_et_pb_old_content":"","_et_gb_content_width":"1080","footnotes":""},"categories":[3],"tags":[],"class_list":["post-295","post","type-post","status-publish","format-standard","has-post-thumbnail","hentry","category-integrantes"],"_links":{"self":[{"href":"https:\/\/www.facesulavirtual.org\/gilog\/wp-json\/wp\/v2\/posts\/295","targetHints":{"allow":["GET"]}}],"collection":[{"href":"https:\/\/www.facesulavirtual.org\/gilog\/wp-json\/wp\/v2\/posts"}],"about":[{"href":"https:\/\/www.facesulavirtual.org\/gilog\/wp-json\/wp\/v2\/types\/post"}],"author":[{"embeddable":true,"href":"https:\/\/www.facesulavirtual.org\/gilog\/wp-json\/wp\/v2\/users\/1"}],"replies":[{"embeddable":true,"href":"https:\/\/www.facesulavirtual.org\/gilog\/wp-json\/wp\/v2\/comments?post=295"}],"version-history":[{"count":14,"href":"https:\/\/www.facesulavirtual.org\/gilog\/wp-json\/wp\/v2\/posts\/295\/revisions"}],"predecessor-version":[{"id":1082,"href":"https:\/\/www.facesulavirtual.org\/gilog\/wp-json\/wp\/v2\/posts\/295\/revisions\/1082"}],"wp:featuredmedia":[{"embeddable":true,"href":"https:\/\/www.facesulavirtual.org\/gilog\/wp-json\/wp\/v2\/media\/644"}],"wp:attachment":[{"href":"https:\/\/www.facesulavirtual.org\/gilog\/wp-json\/wp\/v2\/media?parent=295"}],"wp:term":[{"taxonomy":"category","embeddable":true,"href":"https:\/\/www.facesulavirtual.org\/gilog\/wp-json\/wp\/v2\/categories?post=295"},{"taxonomy":"post_tag","embeddable":true,"href":"https:\/\/www.facesulavirtual.org\/gilog\/wp-json\/wp\/v2\/tags?post=295"}],"curies":[{"name":"wp","href":"https:\/\/api.w.org\/{rel}","templated":true}]}}