{"id":288,"date":"2021-09-16T23:44:23","date_gmt":"2021-09-16T23:44:23","guid":{"rendered":"https:\/\/www.facesulavirtual.org\/gilog\/?p=288"},"modified":"2025-01-22T01:39:54","modified_gmt":"2025-01-22T01:39:54","slug":"laura-angelina-obando-uzcategui","status":"publish","type":"post","link":"https:\/\/www.facesulavirtual.org\/gilog\/integrantes\/laura-angelina-obando-uzcategui\/","title":{"rendered":"Laura Angelina Obando Uzc\u00e1tegui"},"content":{"rendered":"<p>[et_pb_section fb_built=\u00bb1&#8243; _builder_version=\u00bb4.16&#8243; _module_preset=\u00bbdefault\u00bb custom_padding=\u00bb45px|||||\u00bb global_colors_info=\u00bb{}\u00bb][et_pb_row _builder_version=\u00bb4.16&#8243; _module_preset=\u00bbdefault\u00bb custom_padding=\u00bb||27px|||\u00bb global_colors_info=\u00bb{}\u00bb][et_pb_column type=\u00bb4_4&#8243; _builder_version=\u00bb4.16&#8243; _module_preset=\u00bbdefault\u00bb global_colors_info=\u00bb{}\u00bb][et_pb_text _builder_version=\u00bb4.16&#8243; _module_preset=\u00bbdefault\u00bb text_font=\u00bb|700|||||||\u00bb text_text_color=\u00bb#ef6903&#8243; text_font_size=\u00bb35px\u00bb custom_margin=\u00bb-165px||-32px|||\u00bb custom_padding=\u00bb0px||5px|||\u00bb text_font_size_tablet=\u00bb\u00bb text_font_size_phone=\u00bb25px\u00bb text_font_size_last_edited=\u00bbon|phone\u00bb text_line_height_tablet=\u00bb\u00bb text_line_height_phone=\u00bb1.7em\u00bb text_line_height_last_edited=\u00bbon|phone\u00bb global_colors_info=\u00bb{}\u00bb]<\/p>\n<p><span>\u00a0<\/span><\/p>\n<p><span>Laura Angelina Obando Uzc\u00e1tegui<\/span><\/p>\n<p>[\/et_pb_text][\/et_pb_column][\/et_pb_row][et_pb_row column_structure=\u00bb3_5,2_5&#8243; _builder_version=\u00bb4.16&#8243; _module_preset=\u00bbdefault\u00bb global_colors_info=\u00bb{}\u00bb][et_pb_column type=\u00bb3_5&#8243; _builder_version=\u00bb4.16&#8243; _module_preset=\u00bbdefault\u00bb global_colors_info=\u00bb{}\u00bb][et_pb_text _builder_version=\u00bb4.16&#8243; _module_preset=\u00bbdefault\u00bb text_font_size=\u00bb16px\u00bb text_line_height=\u00bb2em\u00bb text_orientation=\u00bbjustified\u00bb custom_margin=\u00bb-87px|||||\u00bb custom_padding=\u00bb14px|||||\u00bb global_colors_info=\u00bb{}\u00bb]<\/p>\n<p><span>Es Abogado (ULA), Licenciada en Administraci\u00f3n, Especialista en Derecho Mercantil (UCAB), tiene una Maestr\u00eda en Administraci\u00f3n Menci\u00f3n Finanzas, Profesora Asociada Adscrita a la C\u00e1tedra de Legislaci\u00f3n Organizacional de la Escuela de Administraci\u00f3n y Contadur\u00eda P\u00fablica de la Facultad de Ciencias Econ\u00f3micas y Sociales de La Universidad de Los Andes, M\u00e9rida-Venezuela. Doctora en Ciencias Gerenciales de La Universidad Experimental de Las Fuerzas Armadas (UNEFA) y tesista del Doctorado en Ciencias Contables (ULA). Autora de art\u00edculos publicados en revistas cient\u00edficas. Miembro activo del PEII ONTIC del Ministerio de Ciencia y Tecnolog\u00eda, Coordinadora de la Comisi\u00f3n Curricular de FACES-ULA. Miembro activo del Grupo de Legislaci\u00f3n Organizacional y Gerencia (GILOG).<\/span><\/p>\n<p><span><strong>L\u00ednea de investigaci\u00f3n:\u00a0<\/strong><\/span><span>Metodolog\u00eda de la investigaci\u00f3n,<strong>\u00a0<\/strong>Curriculum por competencias;\u00a0Aspectos legales de las organizaciones.<\/span><\/p>\n<p><span><strong>Sus redes sociales:<\/strong>\u00a0Fb:<strong>\u00a0<\/strong>@Laura Obando<strong>. <\/strong>E-mail: obandolaura70@gmail.com<\/span><\/p>\n<p>[\/et_pb_text][\/et_pb_column][et_pb_column type=\u00bb2_5&#8243; _builder_version=\u00bb4.16&#8243; _module_preset=\u00bbdefault\u00bb global_colors_info=\u00bb{}\u00bb][et_pb_image src=\u00bbhttp:\/\/www.facesulavirtual.org\/gilog\/wp-content\/uploads\/2022\/10\/Laura-Angelina-Perfil-Miembros_-scaled.jpg\u00bb title_text=\u00bbLaura Angelina Perfil Miembros_\u00bb _builder_version=\u00bb4.27.4&#8243; _module_preset=\u00bbdefault\u00bb custom_margin=\u00bb-35px|||||\u00bb custom_padding=\u00bb1px|||||\u00bb hover_enabled=\u00bb0&#8243; border_radii=\u00bboff|12px||12px|\u00bb box_shadow_style=\u00bbpreset4&#8243; box_shadow_color=\u00bb#ef6903&#8243; global_colors_info=\u00bb{}\u00bb sticky_enabled=\u00bb0&#8243;][\/et_pb_image][et_pb_video src=\u00bbhttps:\/\/www.youtube.com\/watch?v=HgVt1lqqz6o\u00bb _builder_version=\u00bb4.27.4&#8243; _module_preset=\u00bbdefault\u00bb global_colors_info=\u00bb{}\u00bb][\/et_pb_video][\/et_pb_column][\/et_pb_row][\/et_pb_section]<\/p>\n","protected":false},"excerpt":{"rendered":"<p>\u00a0 Laura Angelina Obando Uzc\u00e1teguiEs Abogado (ULA), Licenciada en Administraci\u00f3n, Especialista en Derecho Mercantil (UCAB), tiene una Maestr\u00eda en Administraci\u00f3n Menci\u00f3n Finanzas, Profesora Asociada Adscrita a la C\u00e1tedra de Legislaci\u00f3n Organizacional de la Escuela de Administraci\u00f3n y Contadur\u00eda P\u00fablica de la Facultad de Ciencias Econ\u00f3micas y Sociales de La Universidad de Los Andes, M\u00e9rida-Venezuela. Doctora [&hellip;]<\/p>\n","protected":false},"author":1,"featured_media":644,"comment_status":"closed","ping_status":"open","sticky":false,"template":"","format":"standard","meta":{"_et_pb_use_builder":"on","_et_pb_old_content":"[et_pb_section fb_built=\"1\" _builder_version=\"4.9.0\" _module_preset=\"default\"][et_pb_row _builder_version=\"4.9.0\" _module_preset=\"default\"][et_pb_column type=\"4_4\" _builder_version=\"4.9.0\" _module_preset=\"default\"][et_pb_text _builder_version=\"4.9.0\" _module_preset=\"default\" text_font=\"|700|||||||\" text_text_color=\"#ef6903\" text_font_size=\"35px\" custom_padding=\"0px||38px|||\" custom_margin=\"-72px||-16px|||\"]\n\n<span>&nbsp;<\/span>\n\n<span>Mar\u00eda Alejandra Villasmil<\/span>\n\n[\/et_pb_text][\/et_pb_column][\/et_pb_row][et_pb_row column_structure=\"3_5,2_5\" _builder_version=\"4.9.0\" _module_preset=\"default\"][et_pb_column type=\"3_5\" _builder_version=\"4.9.0\" _module_preset=\"default\"][et_pb_text _builder_version=\"4.9.0\" _module_preset=\"default\" text_font_size=\"16px\" text_line_height=\"2em\" text_orientation=\"justified\"]\n\nLicenciada en Administraci\u00f3n (ULA), Profesora&nbsp;Titular&nbsp;Adscrita a la C\u00e1tedra de Administraci\u00f3n, Gerencia y Capital Humano de la Facultad de Ciencias Econ\u00f3micas y Sociales de La Universidad de Los Andes, M\u00e9rida-Venezuela, Magister en Gerencia Empresarial (Universidad Ferm\u00edn Toro). Diploma de Estudios Avanzados (Universidad de La Laguna, Espa\u00f1a), Doctora en Econom\u00eda Aplicada (Universidad de La Laguna, Espa\u00f1a), Fue Coordinadora de la Comisi\u00f3n Curricular de FACES y de la&nbsp;Carrera de Administraci\u00f3n. Autora de art\u00edculos publicados en revistas cient\u00edficas. Investigadora Activa del Programa PEII-ONTIC. Miembro activo del Grupo de Legislaci\u00f3n Organizacional y Gerencia (GILOG).\n\n<span><strong>L\u00ednea de investigaci\u00f3n:&nbsp;<\/strong><\/span><span>Epistemolog\u00eda<\/span><span>,<\/span><span><strong>&nbsp;<\/strong><\/span><span>Talento Humano; Curr\u00edculos por c<\/span><span>ompetencias. <\/span>\n\n<span><strong>Sus redes sociales:<\/strong>&nbsp;Twitter\/IG: nenavillasmil31; E-mail: mvillasmilr@gmail.com\/ mvillas<\/span><span>@ula.ve<\/span>\n\n[\/et_pb_text][\/et_pb_column][et_pb_column type=\"2_5\" _builder_version=\"4.9.0\" _module_preset=\"default\"][et_pb_image src=\"http:\/\/www.facesulavirtual.org\/gilog\/wp-content\/uploads\/2021\/09\/Maria-Villasmil.png\" title_text=\"Mar\u00eda Villasmil\" _builder_version=\"4.9.0\" _module_preset=\"default\" border_radii=\"off|12px||12px|\" box_shadow_style=\"preset4\" box_shadow_color=\"#ef6903\"][\/et_pb_image][\/et_pb_column][\/et_pb_row][\/et_pb_section]","_et_gb_content_width":"1080","footnotes":""},"categories":[3],"tags":[],"class_list":["post-288","post","type-post","status-publish","format-standard","has-post-thumbnail","hentry","category-integrantes"],"_links":{"self":[{"href":"https:\/\/www.facesulavirtual.org\/gilog\/wp-json\/wp\/v2\/posts\/288","targetHints":{"allow":["GET"]}}],"collection":[{"href":"https:\/\/www.facesulavirtual.org\/gilog\/wp-json\/wp\/v2\/posts"}],"about":[{"href":"https:\/\/www.facesulavirtual.org\/gilog\/wp-json\/wp\/v2\/types\/post"}],"author":[{"embeddable":true,"href":"https:\/\/www.facesulavirtual.org\/gilog\/wp-json\/wp\/v2\/users\/1"}],"replies":[{"embeddable":true,"href":"https:\/\/www.facesulavirtual.org\/gilog\/wp-json\/wp\/v2\/comments?post=288"}],"version-history":[{"count":22,"href":"https:\/\/www.facesulavirtual.org\/gilog\/wp-json\/wp\/v2\/posts\/288\/revisions"}],"predecessor-version":[{"id":1085,"href":"https:\/\/www.facesulavirtual.org\/gilog\/wp-json\/wp\/v2\/posts\/288\/revisions\/1085"}],"wp:featuredmedia":[{"embeddable":true,"href":"https:\/\/www.facesulavirtual.org\/gilog\/wp-json\/wp\/v2\/media\/644"}],"wp:attachment":[{"href":"https:\/\/www.facesulavirtual.org\/gilog\/wp-json\/wp\/v2\/media?parent=288"}],"wp:term":[{"taxonomy":"category","embeddable":true,"href":"https:\/\/www.facesulavirtual.org\/gilog\/wp-json\/wp\/v2\/categories?post=288"},{"taxonomy":"post_tag","embeddable":true,"href":"https:\/\/www.facesulavirtual.org\/gilog\/wp-json\/wp\/v2\/tags?post=288"}],"curies":[{"name":"wp","href":"https:\/\/api.w.org\/{rel}","templated":true}]}}