{"id":244,"date":"2021-09-16T01:49:30","date_gmt":"2021-09-16T01:49:30","guid":{"rendered":"https:\/\/www.facesulavirtual.org\/gilog\/?p=244"},"modified":"2025-01-22T01:14:01","modified_gmt":"2025-01-22T01:14:01","slug":"frank-eduardo-rivas-torres","status":"publish","type":"post","link":"https:\/\/www.facesulavirtual.org\/gilog\/integrantes\/frank-eduardo-rivas-torres\/","title":{"rendered":"Frank Eduardo Rivas Torres"},"content":{"rendered":"<p>[et_pb_section fb_built=\u00bb1&#8243; _builder_version=\u00bb4.16&#8243; _module_preset=\u00bbdefault\u00bb global_colors_info=\u00bb{}\u00bb][et_pb_row _builder_version=\u00bb4.16&#8243; _module_preset=\u00bbdefault\u00bb global_colors_info=\u00bb{}\u00bb][et_pb_column type=\u00bb4_4&#8243; _builder_version=\u00bb4.16&#8243; _module_preset=\u00bbdefault\u00bb global_colors_info=\u00bb{}\u00bb][et_pb_text _builder_version=\u00bb4.19.0&#8243; _module_preset=\u00bbdefault\u00bb text_font=\u00bb|700|||||||\u00bb text_text_color=\u00bb#ef6903&#8243; text_font_size=\u00bb30px\u00bb custom_padding=\u00bb0px|||||\u00bb global_colors_info=\u00bb{}\u00bb admin_label=\u00bbTexto\u00bb]<\/p>\n<p>Frank Eduardo Rivas Torres<\/p>\n<p>[\/et_pb_text][\/et_pb_column][\/et_pb_row][et_pb_row column_structure=\u00bb3_5,2_5&#8243; _builder_version=\u00bb4.16&#8243; _module_preset=\u00bbdefault\u00bb global_colors_info=\u00bb{}\u00bb][et_pb_column type=\u00bb3_5&#8243; _builder_version=\u00bb4.16&#8243; _module_preset=\u00bbdefault\u00bb global_colors_info=\u00bb{}\u00bb admin_label=\u00bbColumna\u00bb][et_pb_text _builder_version=\u00bb4.16&#8243; _module_preset=\u00bbdefault\u00bb text_font_size=\u00bb16px\u00bb text_line_height=\u00bb2em\u00bb text_orientation=\u00bbjustified\u00bb global_colors_info=\u00bb{}\u00bb]<\/p>\n<p>Egres\u00f3 en 1995 como polit\u00f3logo y abogado de la Universidad de los Andes con maestr\u00eda en ciencias pol\u00edticas, especializaci\u00f3n en derecho laboral de la Universidad Santa Mar\u00eda, doctor en ciencias sociales. Realiz\u00f3 estudios de trabajo en la Universidad de Carabobo, PhD en gerencia para el desarrollo humano de la Universidad de los Andes, participante del curso de expertos laborales para Latinoam\u00e9rica, Universidad de Castilla la Mancha, Espa\u00f1a, doctor en gerencia de la Universidad Experimental de las Fuerzas Armadas (UNEFA).<\/p>\n<p>Profesor titular adscrito al departamento de ciencias administrativas de la escuela de administraci\u00f3n y contadur\u00eda p\u00fablica de la facultad de ciencias econ\u00f3micas y sociales de la Universidad de los Andes en M\u00e9rida, Venezuela. Investigador reconocido desde 2004, nivel PAY OCTI A2, autor de art\u00edculos y libros publicados en Venezuela y Chile referidos a los estudios del trabajo y la seguridad social. Director de la revista Sapiens Organizacional, coordinador del grupo de investigaci\u00f3n de legislaci\u00f3n organizacional y gerencia (GILOG) del doctorado en ciencias organizacionales y de la especializaci\u00f3n en derecho del trabajo y seguridad social.<\/p>\n<p><strong>L\u00ednea de investigaci\u00f3n:\u00a0<\/strong>Epistemolog\u00eda,<strong>\u00a0<\/strong>Talento Humano, Curr\u00edculos por competencias.<\/p>\n<p><strong>Sus redes sociales:<\/strong> Twitter, Facebook e IG: <span>@ferriva69<\/span> ; E-mail: <a class=\"\" href=\"mailto:fer.rivas69@gmail.com\" target=\"_blank\" rel=\"noopener noreferrer\">fer.rivas69@gmail.com<\/a><\/p>\n<p>[\/et_pb_text][\/et_pb_column][et_pb_column type=\u00bb2_5&#8243; _builder_version=\u00bb4.16&#8243; _module_preset=\u00bbdefault\u00bb global_colors_info=\u00bb{}\u00bb][et_pb_image src=\u00bbhttp:\/\/www.facesulavirtual.org\/gilog\/wp-content\/uploads\/2025\/01\/DSC_0289-scaled.jpg\u00bb title_text=\u00bbDSC_0289&#8243; _builder_version=\u00bb4.19.0&#8243; _module_preset=\u00bbdefault\u00bb border_radii=\u00bboff|12px||12px|\u00bb box_shadow_style=\u00bbpreset4&#8243; box_shadow_color=\u00bb#ef6903&#8243; global_colors_info=\u00bb{}\u00bb admin_label=\u00bbImagen\u00bb][\/et_pb_image][et_pb_video src=\u00bbhttps:\/\/www.youtube.com\/watch?v=HBUJBNoQzZE&#038;t=64s\u00bb _builder_version=\u00bb4.27.4&#8243; _module_preset=\u00bbdefault\u00bb hover_enabled=\u00bb0&#8243; sticky_enabled=\u00bb0&#8243;][\/et_pb_video][\/et_pb_column][\/et_pb_row][\/et_pb_section]<\/p>\n","protected":false},"excerpt":{"rendered":"<p>Frank Eduardo Rivas TorresEgres\u00f3 en 1995 como polit\u00f3logo y abogado de la Universidad de los Andes con maestr\u00eda en ciencias pol\u00edticas, especializaci\u00f3n en derecho laboral de la Universidad Santa Mar\u00eda, doctor en ciencias sociales. Realiz\u00f3 estudios de trabajo en la Universidad de Carabobo, PhD en gerencia para el desarrollo humano de la Universidad de los [&hellip;]<\/p>\n","protected":false},"author":1,"featured_media":644,"comment_status":"closed","ping_status":"open","sticky":false,"template":"","format":"standard","meta":{"_et_pb_use_builder":"on","_et_pb_old_content":"<p>[et_pb_section fb_built=\"1\" _builder_version=\"4.9.0\" _module_preset=\"default\"][et_pb_row _builder_version=\"4.9.0\" _module_preset=\"default\"][et_pb_column _builder_version=\"4.9.0\" _module_preset=\"default\" type=\"4_4\"][et_pb_text _builder_version=\"4.9.0\" _module_preset=\"default\" text_text_color=\"#ef6903\" text_font=\"|700|||||||\" text_font_size=\"30px\" hover_enabled=\"0\" sticky_enabled=\"0\" custom_padding=\"0px|||||\"]<\/p>\n<p>\u00a0<\/p>\n<p>Mar\u00eda Alejandra Villasmil<\/p>\n<p>[\/et_pb_text][\/et_pb_column][\/et_pb_row][et_pb_row column_structure=\"3_5,2_5\" _builder_version=\"4.9.0\" _module_preset=\"default\"][et_pb_column type=\"3_5\" _builder_version=\"4.9.0\" _module_preset=\"default\"][et_pb_text _builder_version=\"4.9.0\" _module_preset=\"default\" text_font_size=\"16px\" text_line_height=\"2em\" text_orientation=\"justified\"]<\/p>\n<p>Licenciada en Administraci\u00f3n (ULA), Profesora\u00a0Titular\u00a0Adscrita a la C\u00e1tedra de Administraci\u00f3n, Gerencia y Capital Humano de la Facultad de Ciencias Econ\u00f3micas y Sociales de La Universidad de Los Andes, M\u00e9rida-Venezuela, Magister en Gerencia Empresarial (Universidad Ferm\u00edn Toro). Diploma de Estudios Avanzados (Universidad de La Laguna, Espa\u00f1a), Doctora en Econom\u00eda Aplicada (Universidad de La Laguna, Espa\u00f1a), Fue Coordinadora de la Comisi\u00f3n Curricular de FACES y de la\u00a0Carrera de Administraci\u00f3n. Autora de art\u00edculos publicados en revistas cient\u00edficas. Investigadora Activa del Programa PEII-ONTIC. Miembro activo del Grupo de Legislaci\u00f3n Organizacional y Gerencia (GILOG).\u00a0<\/p>\n<p><strong>L\u00ednea de investigaci\u00f3n:\u00a0<\/strong>Epistemolog\u00eda,<strong>\u00a0<\/strong>Talento Humano; Curr\u00edculos por competencias.<\/p>\n<p><strong>Sus redes sociales:<\/strong>\u00a0Twitter e IG: nenavillasmil31; E-mail: mvillasmilr@gmail.com\/ mvillas@ula.ve<\/p>\n<p>[\/et_pb_text][\/et_pb_column][et_pb_column type=\"2_5\" _builder_version=\"4.9.0\" _module_preset=\"default\"][et_pb_image src=\"http:\/\/www.facesulavirtual.org\/gilog\/wp-content\/uploads\/2021\/09\/Maria-Villasmil.png\" title_text=\"Mar\u00eda Villasmil\" _builder_version=\"4.9.0\" _module_preset=\"default\" border_radii=\"off|12px||12px|\" box_shadow_style=\"preset4\" box_shadow_color=\"#ef6903\"][\/et_pb_image][\/et_pb_column][\/et_pb_row][\/et_pb_section]<\/p>\n\n<!-- wp:embed {\"url\":\"https:\/\/youtu.be\/HBUJBNoQzZE?si=qUy2zqThX4HybYIr\",\"providerNameSlug\":\"youtube\",\"responsive\":true} -->\n<figure class=\"wp-block-embed is-provider-youtube wp-block-embed-youtube\"><div class=\"wp-block-embed__wrapper\">\nhttps:\/\/youtu.be\/HBUJBNoQzZE?si=qUy2zqThX4HybYIr\n<\/div><\/figure>\n<!-- \/wp:embed -->","_et_gb_content_width":"1080","footnotes":""},"categories":[3],"tags":[],"class_list":["post-244","post","type-post","status-publish","format-standard","has-post-thumbnail","hentry","category-integrantes"],"_links":{"self":[{"href":"https:\/\/www.facesulavirtual.org\/gilog\/wp-json\/wp\/v2\/posts\/244","targetHints":{"allow":["GET"]}}],"collection":[{"href":"https:\/\/www.facesulavirtual.org\/gilog\/wp-json\/wp\/v2\/posts"}],"about":[{"href":"https:\/\/www.facesulavirtual.org\/gilog\/wp-json\/wp\/v2\/types\/post"}],"author":[{"embeddable":true,"href":"https:\/\/www.facesulavirtual.org\/gilog\/wp-json\/wp\/v2\/users\/1"}],"replies":[{"embeddable":true,"href":"https:\/\/www.facesulavirtual.org\/gilog\/wp-json\/wp\/v2\/comments?post=244"}],"version-history":[{"count":32,"href":"https:\/\/www.facesulavirtual.org\/gilog\/wp-json\/wp\/v2\/posts\/244\/revisions"}],"predecessor-version":[{"id":1072,"href":"https:\/\/www.facesulavirtual.org\/gilog\/wp-json\/wp\/v2\/posts\/244\/revisions\/1072"}],"wp:featuredmedia":[{"embeddable":true,"href":"https:\/\/www.facesulavirtual.org\/gilog\/wp-json\/wp\/v2\/media\/644"}],"wp:attachment":[{"href":"https:\/\/www.facesulavirtual.org\/gilog\/wp-json\/wp\/v2\/media?parent=244"}],"wp:term":[{"taxonomy":"category","embeddable":true,"href":"https:\/\/www.facesulavirtual.org\/gilog\/wp-json\/wp\/v2\/categories?post=244"},{"taxonomy":"post_tag","embeddable":true,"href":"https:\/\/www.facesulavirtual.org\/gilog\/wp-json\/wp\/v2\/tags?post=244"}],"curies":[{"name":"wp","href":"https:\/\/api.w.org\/{rel}","templated":true}]}}