{"id":225,"date":"2021-09-16T01:18:25","date_gmt":"2021-09-16T01:18:25","guid":{"rendered":"https:\/\/www.facesulavirtual.org\/gilog\/?p=225"},"modified":"2025-01-22T01:23:10","modified_gmt":"2025-01-22T01:23:10","slug":"maria-alejandra-villasmil-rubio","status":"publish","type":"post","link":"https:\/\/www.facesulavirtual.org\/gilog\/integrantes\/maria-alejandra-villasmil-rubio\/","title":{"rendered":"Mar\u00eda Alejandra Villasmil Rubio"},"content":{"rendered":"<p>[et_pb_section fb_built=\u00bb1&#8243; _builder_version=\u00bb4.16&#8243; _module_preset=\u00bbdefault\u00bb global_colors_info=\u00bb{}\u00bb][et_pb_row _builder_version=\u00bb4.16&#8243; _module_preset=\u00bbdefault\u00bb global_colors_info=\u00bb{}\u00bb][et_pb_column type=\u00bb4_4&#8243; _builder_version=\u00bb4.16&#8243; _module_preset=\u00bbdefault\u00bb global_colors_info=\u00bb{}\u00bb][et_pb_text _builder_version=\u00bb4.16&#8243; _module_preset=\u00bbdefault\u00bb text_font=\u00bb|700|||||||\u00bb text_text_color=\u00bb#ef6903&#8243; text_font_size=\u00bb35px\u00bb custom_margin=\u00bb-174px||-16px|||\u00bb custom_padding=\u00bb0px||16px|||\u00bb text_font_size_tablet=\u00bb\u00bb text_font_size_phone=\u00bb25px\u00bb text_font_size_last_edited=\u00bbon|phone\u00bb text_line_height_tablet=\u00bb\u00bb text_line_height_phone=\u00bb1.8em\u00bb text_line_height_last_edited=\u00bbon|phone\u00bb global_colors_info=\u00bb{}\u00bb min_height=\u00bb123.6px\u00bb]<\/p>\n<p><span>\u00a0<\/span><\/p>\n<p><span><\/span><\/p>\n<p><span>Mar\u00eda Alejandra Villasmil Rubio<\/span><\/p>\n<p>[\/et_pb_text][\/et_pb_column][\/et_pb_row][et_pb_row column_structure=\u00bb3_5,2_5&#8243; _builder_version=\u00bb4.27.4&#8243; _module_preset=\u00bbdefault\u00bb hover_enabled=\u00bb0&#8243; global_colors_info=\u00bb{}\u00bb width=\u00bb89%\u00bb sticky_enabled=\u00bb0&#8243;][et_pb_column type=\u00bb3_5&#8243; _builder_version=\u00bb4.16&#8243; _module_preset=\u00bbdefault\u00bb global_colors_info=\u00bb{}\u00bb][et_pb_text _builder_version=\u00bb4.16&#8243; _module_preset=\u00bbdefault\u00bb text_font_size=\u00bb16px\u00bb text_line_height=\u00bb2em\u00bb text_orientation=\u00bbjustified\u00bb custom_margin=\u00bb-87px|||||\u00bb global_colors_info=\u00bb{}\u00bb]<\/p>\n<p>Es licenciada en administraci\u00f3n de la Universidad de los Andes. Es profesora titular adscrita a la c\u00e1tedra de administraci\u00f3n, gerencia y capital humano de la Facultad de Ciencias Econ\u00f3micas y Sociales de la Universidad de los Andes en M\u00e9rida, Venezuela.<\/p>\n<p>Es mag\u00edster en gerencia empresarial de la Universidad Ferm\u00edn Toro, diplomado de estudios avanzados en la Universidad de La Laguna, Espa\u00f1a. Doctora en aplicada en la Universidad de La Laguna, Espa\u00f1a. Fue coordinadora de la comisi\u00f3n curricular de faces y es actualmente la coordinadora de la comisi\u00f3n curricular de la carrera de administraci\u00f3n de las fases.<\/p>\n<p>Es miembro honorario del Consejo de Desarrollo Curricular y miembro fundadora de la c\u00e1tedra libre curr\u00edculo universitario. Es autora de art\u00edculos publicados en revistas cient\u00edficas indizadas. Investigadora activa del programa PAY ONTI, actualmente en categor\u00eda B.<\/p>\n<p>Es miembro activo del grupo de legislaci\u00f3n organizacional y gerencia (GILOG) y miembro de la red venezolana de estudios organizacionales (RED VEO).<\/p>\n<p><span><strong>L\u00ednea de investigaci\u00f3n: <\/strong><\/span><span style=\"color: #666666;\"><strong>Epistemolog\u00eda Organizacional, Neurofilosof\u00eda, Curr\u00edculos por Competencias, Metodolog\u00eda Cu\u00e1ntica y F\u00edsica Cu\u00e1ntica.<\/strong><\/span><\/p>\n<p><span><strong>Sus redes sociales:<\/strong>\u00a0Twitter\/IG: nenavillasmil31; E-mail: mvillasmilr@gmail.com\/ mvillas<\/span><span>@ula.ve<\/span><\/p>\n<p>[\/et_pb_text][\/et_pb_column][et_pb_column type=\u00bb2_5&#8243; _builder_version=\u00bb4.16&#8243; _module_preset=\u00bbdefault\u00bb global_colors_info=\u00bb{}\u00bb][et_pb_image src=\u00bbhttp:\/\/www.facesulavirtual.org\/gilog\/wp-content\/uploads\/2022\/10\/MAVR-Lineas-de-investigacion-DCO_-scaled.jpg\u00bb title_text=\u00bbMAVR Lineas de investigaci\u00f3n DCO_\u00bb _builder_version=\u00bb4.19.0&#8243; _module_preset=\u00bbdefault\u00bb width=\u00bb76.9%\u00bb custom_margin=\u00bb-76px|66px|50px|||\u00bb border_radii=\u00bboff|12px||12px|\u00bb box_shadow_style=\u00bbpreset4&#8243; box_shadow_color=\u00bb#ef6903&#8243; global_colors_info=\u00bb{}\u00bb custom_padding=\u00bb|0px||||\u00bb][\/et_pb_image][et_pb_video src=\u00bbhttps:\/\/www.youtube.com\/watch?v=ATjvaM7p6Qk\u00bb _builder_version=\u00bb4.27.4&#8243; _module_preset=\u00bbdefault\u00bb hover_enabled=\u00bb0&#8243; sticky_enabled=\u00bb0&#8243;][\/et_pb_video][\/et_pb_column][\/et_pb_row][\/et_pb_section]<\/p>\n","protected":false},"excerpt":{"rendered":"<p>\u00a0 Mar\u00eda Alejandra Villasmil RubioEs licenciada en administraci\u00f3n de la Universidad de los Andes. Es profesora titular adscrita a la c\u00e1tedra de administraci\u00f3n, gerencia y capital humano de la Facultad de Ciencias Econ\u00f3micas y Sociales de la Universidad de los Andes en M\u00e9rida, Venezuela. Es mag\u00edster en gerencia empresarial de la Universidad Ferm\u00edn Toro, diplomado [&hellip;]<\/p>\n","protected":false},"author":1,"featured_media":644,"comment_status":"closed","ping_status":"open","sticky":false,"template":"","format":"standard","meta":{"_et_pb_use_builder":"on","_et_pb_old_content":"","_et_gb_content_width":"1080","footnotes":""},"categories":[3],"tags":[],"class_list":["post-225","post","type-post","status-publish","format-standard","has-post-thumbnail","hentry","category-integrantes"],"_links":{"self":[{"href":"https:\/\/www.facesulavirtual.org\/gilog\/wp-json\/wp\/v2\/posts\/225","targetHints":{"allow":["GET"]}}],"collection":[{"href":"https:\/\/www.facesulavirtual.org\/gilog\/wp-json\/wp\/v2\/posts"}],"about":[{"href":"https:\/\/www.facesulavirtual.org\/gilog\/wp-json\/wp\/v2\/types\/post"}],"author":[{"embeddable":true,"href":"https:\/\/www.facesulavirtual.org\/gilog\/wp-json\/wp\/v2\/users\/1"}],"replies":[{"embeddable":true,"href":"https:\/\/www.facesulavirtual.org\/gilog\/wp-json\/wp\/v2\/comments?post=225"}],"version-history":[{"count":26,"href":"https:\/\/www.facesulavirtual.org\/gilog\/wp-json\/wp\/v2\/posts\/225\/revisions"}],"predecessor-version":[{"id":1078,"href":"https:\/\/www.facesulavirtual.org\/gilog\/wp-json\/wp\/v2\/posts\/225\/revisions\/1078"}],"wp:featuredmedia":[{"embeddable":true,"href":"https:\/\/www.facesulavirtual.org\/gilog\/wp-json\/wp\/v2\/media\/644"}],"wp:attachment":[{"href":"https:\/\/www.facesulavirtual.org\/gilog\/wp-json\/wp\/v2\/media?parent=225"}],"wp:term":[{"taxonomy":"category","embeddable":true,"href":"https:\/\/www.facesulavirtual.org\/gilog\/wp-json\/wp\/v2\/categories?post=225"},{"taxonomy":"post_tag","embeddable":true,"href":"https:\/\/www.facesulavirtual.org\/gilog\/wp-json\/wp\/v2\/tags?post=225"}],"curies":[{"name":"wp","href":"https:\/\/api.w.org\/{rel}","templated":true}]}}