{"id":1024,"date":"2025-01-15T01:04:58","date_gmt":"2025-01-15T01:04:58","guid":{"rendered":"https:\/\/www.facesulavirtual.org\/gilog\/?p=1024"},"modified":"2025-02-28T23:46:33","modified_gmt":"2025-02-28T23:46:33","slug":"virginia-rondon-de-medina","status":"publish","type":"post","link":"https:\/\/www.facesulavirtual.org\/gilog\/integrantes\/virginia-rondon-de-medina\/","title":{"rendered":"Virginia Rond\u00f3n de Medina"},"content":{"rendered":"<p>[et_pb_section fb_built=\u00bb1&#8243; _builder_version=\u00bb4.19.0&#8243; _module_preset=\u00bbdefault\u00bb global_colors_info=\u00bb{}\u00bb][\/et_pb_section][et_pb_section fb_built=\u00bb1&#8243; _builder_version=\u00bb4.16&#8243; _module_preset=\u00bbdefault\u00bb custom_padding=\u00bb45px|||||\u00bb global_colors_info=\u00bb{}\u00bb][et_pb_row _builder_version=\u00bb4.16&#8243; _module_preset=\u00bbdefault\u00bb custom_padding=\u00bb||27px|||\u00bb hover_enabled=\u00bb0&#8243; global_colors_info=\u00bb{}\u00bb column_structure=\u00bb1_2,1_2&#8243; sticky_enabled=\u00bb0&#8243;][et_pb_column _builder_version=\u00bb4.27.4&#8243; _module_preset=\u00bbdefault\u00bb type=\u00bb1_2&#8243;][\/et_pb_column][et_pb_column type=\u00bb1_2&#8243; _builder_version=\u00bb4.16&#8243; _module_preset=\u00bbdefault\u00bb global_colors_info=\u00bb{}\u00bb][et_pb_text _builder_version=\u00bb4.27.4&#8243; _module_preset=\u00bbdefault\u00bb text_font=\u00bb|700|||||||\u00bb text_text_color=\u00bb#ef6903&#8243; text_font_size=\u00bb35px\u00bb custom_margin=\u00bb-165px||-32px|||\u00bb custom_padding=\u00bb0px||6px|||\u00bb hover_enabled=\u00bb0&#8243; text_font_size_tablet=\u00bb\u00bb text_font_size_phone=\u00bb25px\u00bb text_font_size_last_edited=\u00bbon|phone\u00bb text_line_height_tablet=\u00bb\u00bb text_line_height_phone=\u00bb1.7em\u00bb text_line_height_last_edited=\u00bbon|phone\u00bb global_colors_info=\u00bb{}\u00bb sticky_enabled=\u00bb0&#8243;]<\/p>\n<p>&nbsp;<\/p>\n<p><span>Virginia Rond\u00f3n\u00a0 de Medina<\/span><\/p>\n<p>[\/et_pb_text][\/et_pb_column][\/et_pb_row][et_pb_row column_structure=\u00bb3_5,2_5&#8243; _builder_version=\u00bb4.16&#8243; _module_preset=\u00bbdefault\u00bb global_colors_info=\u00bb{}\u00bb][et_pb_column type=\u00bb3_5&#8243; _builder_version=\u00bb4.16&#8243; _module_preset=\u00bbdefault\u00bb global_colors_info=\u00bb{}\u00bb][et_pb_text _builder_version=\u00bb4.16&#8243; _module_preset=\u00bbdefault\u00bb text_font_size=\u00bb16px\u00bb text_line_height=\u00bb2em\u00bb text_orientation=\u00bbjustified\u00bb custom_margin=\u00bb-87px|||||\u00bb custom_padding=\u00bb14px|||||\u00bb global_colors_info=\u00bb{}\u00bb]<\/p>\n<p>Egresada en 1991 como Polit\u00f3logo de la Universidad de los Andes, ubicada en M\u00e9rida, Venezuela. Luego, en la misma casa de estudios, curs\u00f3 la Maestr\u00eda en Ciencias Pol\u00edticas y el Doctorado en ciencias humanas. Es profesora con la categor\u00eda de asociado, adscrita al Departamento de Econom\u00eda de la Facultad de Ciencias Econ\u00f3micas y Sociales de la Universidad de los Andes, desempe\u00f1ando su actividad docente en la Escuela de Econom\u00eda, el Doctorado en Ciencias Organizacionales y el Doctorado en Ciencias Contables de la FACES de la misma Universidad.\u00a0<\/p>\n<p>Tambi\u00e9n es investigadora reconocida desde 2004 por el programa de est\u00edmulo en la innovaci\u00f3n y al investigador del Ministerio del Poder Popular para Ciencia, Tecnolog\u00eda e Innovaci\u00f3n de su pa\u00eds, Venezuela. Ha sido autora y coautora de cap\u00edtulos de libros y art\u00edculos sobre diversas tem\u00e1ticas, los cuales han sido publicados en Venezuela Ecuador y Colombia.<\/p>\n<p>Pertenece al grupo de investigaci\u00f3n de Legislaci\u00f3n Organizacional y gerencia (GILOG).<\/p>\n<p><span><strong>L\u00ednea de investigaci\u00f3n: <\/strong><\/span><span>Modernidad, Neoinstitucionalismo y la Gerencia P\u00fablica.<\/span><\/p>\n<p><span><strong>Sus redes sociales:<\/strong> IG:<strong>\u00a0<\/strong>@virginiarondondem<strong>. e<\/strong>-mail: profvar06@gmail.com<\/span><\/p>\n<p>[\/et_pb_text][\/et_pb_column][et_pb_column type=\u00bb2_5&#8243; _builder_version=\u00bb4.16&#8243; _module_preset=\u00bbdefault\u00bb global_colors_info=\u00bb{}\u00bb][et_pb_image src=\u00bbhttp:\/\/www.facesulavirtual.org\/gilog\/wp-content\/uploads\/2025\/01\/DSC_0432-scaled.jpg\u00bb title_text=\u00bbDSC_0432&#8243; _builder_version=\u00bb4.19.0&#8243; _module_preset=\u00bbdefault\u00bb custom_margin=\u00bb-35px|||||\u00bb custom_padding=\u00bb1px|||||\u00bb border_radii=\u00bboff|12px||12px|\u00bb box_shadow_style=\u00bbpreset4&#8243; box_shadow_color=\u00bb#ef6903&#8243; global_colors_info=\u00bb{}\u00bb][\/et_pb_image][et_pb_video src=\u00bbhttps:\/\/www.youtube.com\/watch?v=ymHpEm-D5h8&#8243; _builder_version=\u00bb4.27.4&#8243; _module_preset=\u00bbdefault\u00bb global_colors_info=\u00bb{}\u00bb][\/et_pb_video][\/et_pb_column][\/et_pb_row][\/et_pb_section]<\/p>\n","protected":false},"excerpt":{"rendered":"<p>&nbsp; Virginia Rond\u00f3n\u00a0 de MedinaEgresada en 1991 como Polit\u00f3logo de la Universidad de los Andes, ubicada en M\u00e9rida, Venezuela. Luego, en la misma casa de estudios, curs\u00f3 la Maestr\u00eda en Ciencias Pol\u00edticas y el Doctorado en ciencias humanas. Es profesora con la categor\u00eda de asociado, adscrita al Departamento de Econom\u00eda de la Facultad de Ciencias [&hellip;]<\/p>\n","protected":false},"author":1,"featured_media":644,"comment_status":"closed","ping_status":"closed","sticky":false,"template":"","format":"standard","meta":{"_et_pb_use_builder":"on","_et_pb_old_content":"","_et_gb_content_width":"1080","footnotes":""},"categories":[3],"tags":[],"class_list":["post-1024","post","type-post","status-publish","format-standard","has-post-thumbnail","hentry","category-integrantes"],"_links":{"self":[{"href":"https:\/\/www.facesulavirtual.org\/gilog\/wp-json\/wp\/v2\/posts\/1024","targetHints":{"allow":["GET"]}}],"collection":[{"href":"https:\/\/www.facesulavirtual.org\/gilog\/wp-json\/wp\/v2\/posts"}],"about":[{"href":"https:\/\/www.facesulavirtual.org\/gilog\/wp-json\/wp\/v2\/types\/post"}],"author":[{"embeddable":true,"href":"https:\/\/www.facesulavirtual.org\/gilog\/wp-json\/wp\/v2\/users\/1"}],"replies":[{"embeddable":true,"href":"https:\/\/www.facesulavirtual.org\/gilog\/wp-json\/wp\/v2\/comments?post=1024"}],"version-history":[{"count":15,"href":"https:\/\/www.facesulavirtual.org\/gilog\/wp-json\/wp\/v2\/posts\/1024\/revisions"}],"predecessor-version":[{"id":1110,"href":"https:\/\/www.facesulavirtual.org\/gilog\/wp-json\/wp\/v2\/posts\/1024\/revisions\/1110"}],"wp:featuredmedia":[{"embeddable":true,"href":"https:\/\/www.facesulavirtual.org\/gilog\/wp-json\/wp\/v2\/media\/644"}],"wp:attachment":[{"href":"https:\/\/www.facesulavirtual.org\/gilog\/wp-json\/wp\/v2\/media?parent=1024"}],"wp:term":[{"taxonomy":"category","embeddable":true,"href":"https:\/\/www.facesulavirtual.org\/gilog\/wp-json\/wp\/v2\/categories?post=1024"},{"taxonomy":"post_tag","embeddable":true,"href":"https:\/\/www.facesulavirtual.org\/gilog\/wp-json\/wp\/v2\/tags?post=1024"}],"curies":[{"name":"wp","href":"https:\/\/api.w.org\/{rel}","templated":true}]}}