{"id":987511212,"date":"2026-03-03T17:00:02","date_gmt":"2026-03-03T17:00:02","guid":{"rendered":"https:\/\/www.facesulavirtual.org\/cide\/?p=987511212"},"modified":"2026-03-03T17:00:02","modified_gmt":"2026-03-03T17:00:02","slug":"diplomado-en-gestion-logistica-cadena-suministros-2","status":"publish","type":"post","link":"https:\/\/www.facesulavirtual.org\/cide\/estudios\/diplomado-en-gestion-logistica-cadena-suministros-2\/","title":{"rendered":"Diplomado en GESTI\u00d3N LOG\u00cdSTICA Y CADENA DE SUMINISTROS."},"content":{"rendered":"<p>[et_pb_section fb_built=\u00bb1&#8243; _builder_version=\u00bb4.20.4&#8243; _module_preset=\u00bbdefault\u00bb background_color=\u00bbRGBA(255,255,255,0)\u00bb custom_margin=\u00bb-100px||||false|false\u00bb custom_padding=\u00bb0px||||false|false\u00bb da_disable_devices=\u00bboff|off|off\u00bb global_colors_info=\u00bb{}\u00bb da_is_popup=\u00bboff\u00bb da_exit_intent=\u00bboff\u00bb da_has_close=\u00bbon\u00bb da_alt_close=\u00bboff\u00bb da_dark_close=\u00bboff\u00bb da_not_modal=\u00bbon\u00bb da_is_singular=\u00bboff\u00bb da_with_loader=\u00bboff\u00bb da_has_shadow=\u00bbon\u00bb][et_pb_row _builder_version=\u00bb4.20.4&#8243; _module_preset=\u00bbdefault\u00bb background_color=\u00bbRGBA(255,255,255,0)\u00bb global_colors_info=\u00bb{}\u00bb][et_pb_column type=\u00bb4_4&#8243; _builder_version=\u00bb4.20.4&#8243; _module_preset=\u00bbdefault\u00bb global_colors_info=\u00bb{}\u00bb][et_pb_image src=\u00bbhttps:\/\/www.facesulavirtual.org\/cide\/wp-content\/uploads\/2026\/03\/Imagen-logistica.png\u00bb title_text=\u00bbImagen logistica\u00bb _builder_version=\u00bb4.27.4&#8243; _module_preset=\u00bbdefault\u00bb global_colors_info=\u00bb{}\u00bb][\/et_pb_image][et_pb_divider color=\u00bb#811212&#8243; divider_style=\u00bbdashed\u00bb divider_weight=\u00bb4px\u00bb _builder_version=\u00bb4.20.4&#8243; _module_preset=\u00bbdefault\u00bb global_colors_info=\u00bb{}\u00bb][\/et_pb_divider][et_pb_blurb title=\u00bbMetodolog\u00eda\u00bb use_icon=\u00bbon\u00bb font_icon=\u00bb&#xe00e;||divi||400&#8243; icon_color=\u00bb#811212&#8243; icon_placement=\u00bbleft\u00bb _builder_version=\u00bb4.20.4&#8243; _module_preset=\u00bbdefault\u00bb header_font=\u00bb|800|||||||\u00bb global_colors_info=\u00bb{}\u00bb]Virtual \/ No Presencial[\/et_pb_blurb][et_pb_blurb title=\u00bbDirigido a\u00bb use_icon=\u00bbon\u00bb font_icon=\u00bb&#xe08b;||divi||400&#8243; icon_color=\u00bb#811212&#8243; icon_placement=\u00bbleft\u00bb _builder_version=\u00bb4.27.4&#8243; _module_preset=\u00bbdefault\u00bb header_font=\u00bb|800|||||||\u00bb global_colors_info=\u00bb{}\u00bb]<\/p>\n<p style=\"text-align: justify;\">Estudiantes, profesionales y emprendedores con aptitudes proactivas en las \u00e1reas de log\u00edstica, almacenamiento, producci\u00f3n y operaciones. Egresados en manufactura, administraci\u00f3n de la producci\u00f3n, ingenieros industriales, farmac\u00e9uticos y todo aquel profesional relacionado con los procesos de producci\u00f3n y log\u00edstica. Adem\u00e1s de Jefes, coordinadores, gerentes y dem\u00e1s cargos relacionados con la log\u00edstica industrial.\u00a0<\/p>\n<p>[\/et_pb_blurb][et_pb_blurb title=\u00bbInicio.\u00bb use_icon=\u00bbon\u00bb font_icon=\u00bb&#xf017;||fa||400&#8243; icon_color=\u00bb#811212&#8243; icon_placement=\u00bbleft\u00bb _builder_version=\u00bb4.27.4&#8243; _module_preset=\u00bbdefault\u00bb header_font=\u00bb|800|||||||\u00bb locked=\u00bboff\u00bb global_colors_info=\u00bb{}\u00bb]<\/p>\n<p style=\"text-align: justify;\">Inscripciones del 1 al 10 de marzo.<\/p>\n<p style=\"text-align: justify;\">Duraci\u00f3n: del 11 de marzo al 26 de julio.<\/p>\n<p style=\"text-align: justify;\">Horario: lunes de 6:00pm a 9:00pm.<\/p>\n<p style=\"text-align: justify;\">Con una duraci\u00f3n de 120 horas acad\u00e9micas \/ 4,5 meses<\/p>\n<p>[\/et_pb_blurb][et_pb_blurb title=\u00bbCosto de inversi\u00f3n\u00bb use_icon=\u00bbon\u00bb font_icon=\u00bb&#xe014;||divi||400&#8243; icon_color=\u00bb#811212&#8243; icon_placement=\u00bbleft\u00bb _builder_version=\u00bb4.27.4&#8243; _module_preset=\u00bbdefault\u00bb header_font=\u00bb|800|||||||\u00bb locked=\u00bboff\u00bb global_colors_info=\u00bb{}\u00bb]<\/p>\n<p>Dise\u00f1amos un plan flexible para facilitar su formaci\u00f3n o la de su equipo.<\/p>\n<p>Opciones pago:<\/p>\n<p>1.Financiado en tres cuotas (pago total 180$):<\/p>\n<p style=\"padding-left: 40px;\">Pago inicial: 60$ en el momento de la inscripci\u00f3n.<\/p>\n<p style=\"padding-left: 40px;\">2do pago: 60$.<\/p>\n<p style=\"padding-left: 40px;\">3er pago: 60$.<\/p>\n<p>[\/et_pb_blurb][et_pb_blurb title=\u00bbCuenta bancaria:\u00bb use_icon=\u00bbon\u00bb font_icon=\u00bb&#xf19c;||fa||900&#8243; icon_color=\u00bb#811212&#8243; icon_placement=\u00bbleft\u00bb _builder_version=\u00bb4.27.4&#8243; _module_preset=\u00bbdefault\u00bb header_font=\u00bb|800|||||||\u00bb locked=\u00bboff\u00bb global_colors_info=\u00bb{}\u00bb]<\/p>\n<p>Transferencia en el Banco Mercantil<\/p>\n<p>Cuenta Corriente: N\u00b0 0105-0672-73-8672006038<\/p>\n<p>A nombre de CORPOULA AC<\/p>\n<p>RIF: J- 30952571-9<\/p>\n<p>[\/et_pb_blurb][et_pb_blurb title=\u00bbPagos en moneda extrajera.\u00bb use_icon=\u00bbon\u00bb font_icon=\u00bb&#xf19c;||fa||900&#8243; icon_color=\u00bb#811212&#8243; icon_placement=\u00bbleft\u00bb _builder_version=\u00bb4.27.4&#8243; _module_preset=\u00bbdefault\u00bb header_font=\u00bb|800|||||||\u00bb locked=\u00bboff\u00bb global_colors_info=\u00bb{}\u00bb]<\/p>\n<p>Si vive fuera de Venezuela, o, reside en el pa\u00eds, pero pagar\u00e1 su inscripci\u00f3n en Moneda Extranjera mediante transferencia por Paypal.<\/p>\n<p>Debe recargar el monto correspondiente a la comisi\u00f3n de Paypal sobre el monto del diplomado.<\/p>\n<p>El correo para la cuenta de Paypal es: <a href=\"mailto:corpoula@gmail.com\">corpoula@gmail.com<\/a><\/p>\n<p>Con este link pueden\u00a0 calcular la comisi\u00f3n:<\/p>\n<p><a href=\"https:\/\/vendercomprardolares.com\/calculadora-comisiones-paypal.php\">https:\/\/vendercomprardolares.com\/calculadora-comisiones-paypal.php<\/a><\/p>\n<p>Pagos desde fuera de Venezuela, 100% anticipado.<\/p>\n<p>[\/et_pb_blurb][et_pb_blurb title=\u00bbInformaci\u00f3n de contacto:\u00bb use_icon=\u00bbon\u00bb font_icon=\u00bb&#xe090;||divi||400&#8243; icon_color=\u00bb#811212&#8243; icon_placement=\u00bbleft\u00bb _builder_version=\u00bb4.27.4&#8243; _module_preset=\u00bbdefault\u00bb header_font=\u00bb|800|||||||\u00bb link_option_url=\u00bbhttps:\/\/wa.link\/9gq8b7&#8243; link_option_url_new_window=\u00bbon\u00bb locked=\u00bboff\u00bb global_colors_info=\u00bb{}\u00bb]<\/p>\n<p>0424 &#8211; 7286393<\/p>\n<p>[\/et_pb_blurb][et_pb_blurb use_icon=\u00bbon\u00bb font_icon=\u00bb&#xf0ac;||fa||900&#8243; icon_color=\u00bb#811212&#8243; icon_placement=\u00bbleft\u00bb _builder_version=\u00bb4.27.4&#8243; _module_preset=\u00bbdefault\u00bb header_font=\u00bb|800|||||||\u00bb link_option_url=\u00bbhttps:\/\/www.facesulavirtual.org\/cide\/\u00bb link_option_url_new_window=\u00bbon\u00bb locked=\u00bboff\u00bb global_colors_info=\u00bb{}\u00bb]<\/p>\n<p>facesulavirtual.org\/cide<\/p>\n<p>[\/et_pb_blurb][et_pb_blurb use_icon=\u00bbon\u00bb font_icon=\u00bb&#xe09a;||divi||400&#8243; icon_color=\u00bb#811212&#8243; icon_placement=\u00bbleft\u00bb _builder_version=\u00bb4.27.4&#8243; _module_preset=\u00bbdefault\u00bb header_font=\u00bb|800|||||||\u00bb custom_padding=\u00bb17px|||||\u00bb link_option_url=\u00bbhttps:\/\/www.instagram.com\/cidefacesula\/?hl=es-la\u00bb link_option_url_new_window=\u00bbon\u00bb locked=\u00bboff\u00bb global_colors_info=\u00bb{}\u00bb]<\/p>\n<p>@cidefacesula<\/p>\n<p>&nbsp;<\/p>\n<p>[\/et_pb_blurb][et_pb_blurb title=\u00bbFormalizaci\u00f3n de Inscripci\u00f3n.\u00bb use_icon=\u00bbon\u00bb font_icon=\u00bb&#x62;||divi||400&#8243; icon_color=\u00bb#811212&#8243; icon_placement=\u00bbleft\u00bb _builder_version=\u00bb4.27.4&#8243; _module_preset=\u00bbdefault\u00bb header_font=\u00bb|800|||||||\u00bb custom_padding=\u00bb17px|||||\u00bb link_option_url=\u00bbhttps:\/\/forms.gle\/fKEF9VxRpqfaSbsdA\u00bb link_option_url_new_window=\u00bbon\u00bb locked=\u00bboff\u00bb global_colors_info=\u00bb{}\u00bb]<\/p>\n<p>&nbsp;<\/p>\n<p>&nbsp;<\/p>\n<p>[\/et_pb_blurb][et_pb_text _builder_version=\u00bb4.27.4&#8243; _module_preset=\u00bbdefault\u00bb text_font_size=\u00bb16px\u00bb global_colors_info=\u00bb{}\u00bb]<\/p>\n<h3 style=\"text-align: justify;\"><strong>Descripci\u00f3n<\/strong><\/h3>\n<p style=\"text-align: justify;\">El diplomado versa sobre el estudio de la log\u00edstica para comprender su influencia en las decisiones administrativas de \u00edndole operativo en el actual mundo globalizado. El diplomado abarca los principales aspectos de la gesti\u00f3n de la cadena de abastecimiento en cuanto al planteamiento, producci\u00f3n y gesti\u00f3n de los sistemas log\u00edsticos; relacionando transporte, movimiento y almacenamiento de productos y materiales.<\/p>\n<p style=\"text-align: justify;\">Teniendo en cuenta que la log\u00edstica es hacer que las cosas lleguen donde se necesitan en el momento requerido, la logistica es un \u00e1rea fundamental a la hora de coadyuvar en el logro de los objetivos empresariales.\u00a0<\/p>\n<p style=\"text-align: justify;\">En este sentido, la log\u00edstica y la cadena de suministro est\u00e1n interrelacionadas con la adquisici\u00f3n de materiales y sus inventarios, el manejo de almacenes, la distribuci\u00f3n, el transporte, la calidad y el servicio postventa de los productos y servicios.<\/p>\n<p>[\/et_pb_text][et_pb_text _builder_version=\u00bb4.27.4&#8243; _module_preset=\u00bbdefault\u00bb text_font_size=\u00bb16px\u00bb global_colors_info=\u00bb{}\u00bb]<\/p>\n<h3 style=\"text-align: justify;\"><strong>Objetivos<\/strong><\/h3>\n<p style=\"text-align: justify;\">Formar profesionales capacitados en el \u00e1mbito de la log\u00edstica y cadena de suministro, proporcion\u00e1ndoles conocimientos te\u00f3ricos y pr\u00e1cticos para gestionar de manera eficiente y eficaz la log\u00edstica utilizada en su empresa para la producci\u00f3n de los bienes y servicios que impulsen el crecimiento y la competitividad de las organizaciones en un entorno globalizado.<\/p>\n<p>[\/et_pb_text][et_pb_text _builder_version=\u00bb4.27.4&#8243; _module_preset=\u00bbdefault\u00bb text_font_size=\u00bb16px\u00bb custom_padding=\u00bb||2px|||\u00bb locked=\u00bboff\u00bb global_colors_info=\u00bb{}\u00bb]<\/p>\n<p><strong>Competencias especificas:<\/strong><\/p>\n<ul>\n<li style=\"text-align: justify;\">Plantea modelos de log\u00edstica para las decisiones administrativas de las empresasas en su cadena de suministro.<\/li>\n<li style=\"text-align: justify;\">Conoce la log\u00edstica de abastecimiento y modelos de inventario.<\/li>\n<li style=\"text-align: justify;\">Determina puntos de reorden, m\u00e1ximos y m\u00ednimos de inventarios e investarios de seguridad.<\/li>\n<li style=\"text-align: justify;\">Conoce el an\u00e1lisis ABC de inventarios.<\/li>\n<li style=\"text-align: justify;\">Conoce tecnolog\u00edas para la gesti\u00f3n de inventarios.<\/li>\n<li style=\"text-align: justify;\">Identifica las actividades que se llevan a cabo en un determinado tipo de almac\u00e9n.<\/li>\n<li style=\"text-align: justify;\">Determina la localizaci\u00f3n id\u00f3nea de un almac\u00e9n.<\/li>\n<li style=\"text-align: justify;\">Calcula las dimensiones id\u00f3neas de un almac\u00e9n, de acuerdo a las caracter\u00edsticas del tipo de producto.<\/li>\n<li style=\"text-align: justify;\">Analiza el layout del almac\u00e9n de una manera eficiente.<\/li>\n<li style=\"text-align: justify;\">Conoce el transporte y la distribuci\u00f3n.<\/li>\n<li style=\"text-align: justify;\">Identifica los Modos de transporte.<\/li>\n<li style=\"text-align: justify;\">Conoce herramientas para la gesti\u00f3n de cadenas de suministro en el entorno digital.<\/li>\n<li style=\"text-align: justify;\">Integra el E-commerce como parte clave en las operaciones log\u00edsticas.<\/li>\n<\/ul>\n<p>[\/et_pb_text][et_pb_toggle title=\u00bbContenido program\u00e1tico &#8211; GESTI\u00d3N LOG\u00cdSTICA Y CADENA DE SUMINISTRO.\u00bb open_toggle_text_color=\u00bb#811212&#8243; icon_color=\u00bb#811212&#8243; toggle_icon=\u00bb&#x64;||divi||400&#8243; use_icon_font_size=\u00bbon\u00bb icon_font_size=\u00bb30px\u00bb open_icon_color=\u00bb#811212&#8243; _builder_version=\u00bb4.27.4&#8243; _module_preset=\u00bbdefault\u00bb title_font=\u00bb|800|||||||\u00bb title_line_height=\u00bb1.5em\u00bb global_colors_info=\u00bb{}\u00bb]<\/p>\n<ul>\n<li><strong>M\u00d3DULO I:<\/strong> LOG\u00cdSTICA Y CADENA DE SUMINISTRO.<\/li>\n<li><strong>M\u00d3DULO II:<\/strong> LOG\u00cdSTICA DE ABASTECIMIENTO DE INVENTARIO.<\/li>\n<li><strong>M\u00d3DULO Iii:<\/strong> ALMACENAMIENTO Y SISTEMAS DE DISTRIBUCI\u00d3N LOG\u00cdSTICA.<\/li>\n<li><strong>M\u00d3DULO iV:<\/strong> GESTI\u00d3N DE LA CALIDAD LOG\u00cdSTICA.<\/li>\n<li><strong>M\u00d3DULO V:<\/strong> TRANSPORTE LOG\u00cdSTICO.<\/li>\n<li><strong>M\u00d3DULO VI:<\/strong> INTRODUCCI\u00d3N AL E &#8211; COMMERCE.<\/li>\n<li><strong>M\u00d3DULO VII:<\/strong> INNOVACCI\u00d3N Y SOSTENIBILIDAD EN LA LOG\u00cdSTICA CON IA.<\/li>\n<\/ul>\n<p>[\/et_pb_toggle][et_pb_divider color=\u00bb#811212&#8243; divider_style=\u00bbdashed\u00bb divider_weight=\u00bb4px\u00bb _builder_version=\u00bb4.20.4&#8243; _module_preset=\u00bbdefault\u00bb global_colors_info=\u00bb{}\u00bb][\/et_pb_divider][\/et_pb_column][\/et_pb_row][\/et_pb_section]<\/p>\n","protected":false},"excerpt":{"rendered":"<p>Virtual \/ No PresencialEstudiantes, profesionales y emprendedores con aptitudes proactivas en las \u00e1reas de log\u00edstica, almacenamiento, producci\u00f3n y operaciones. Egresados en manufactura, administraci\u00f3n de la producci\u00f3n, ingenieros industriales, farmac\u00e9uticos y todo aquel profesional relacionado con los procesos de producci\u00f3n y log\u00edstica. Adem\u00e1s de Jefes, coordinadores, gerentes y dem\u00e1s cargos relacionados con la log\u00edstica industrial.\u00a0Inscripciones del [&hellip;]<\/p>\n","protected":false},"author":1,"featured_media":1131,"comment_status":"open","ping_status":"open","sticky":false,"template":"","format":"standard","meta":{"_et_pb_use_builder":"on","_et_pb_old_content":"","_et_gb_content_width":"","footnotes":""},"categories":[13,11],"tags":[],"class_list":["post-987511212","post","type-post","status-publish","format-standard","has-post-thumbnail","hentry","category-diplomados","category-estudios"],"_links":{"self":[{"href":"https:\/\/www.facesulavirtual.org\/cide\/wp-json\/wp\/v2\/posts\/987511212","targetHints":{"allow":["GET"]}}],"collection":[{"href":"https:\/\/www.facesulavirtual.org\/cide\/wp-json\/wp\/v2\/posts"}],"about":[{"href":"https:\/\/www.facesulavirtual.org\/cide\/wp-json\/wp\/v2\/types\/post"}],"author":[{"embeddable":true,"href":"https:\/\/www.facesulavirtual.org\/cide\/wp-json\/wp\/v2\/users\/1"}],"replies":[{"embeddable":true,"href":"https:\/\/www.facesulavirtual.org\/cide\/wp-json\/wp\/v2\/comments?post=987511212"}],"version-history":[{"count":2,"href":"https:\/\/www.facesulavirtual.org\/cide\/wp-json\/wp\/v2\/posts\/987511212\/revisions"}],"predecessor-version":[{"id":987511214,"href":"https:\/\/www.facesulavirtual.org\/cide\/wp-json\/wp\/v2\/posts\/987511212\/revisions\/987511214"}],"wp:featuredmedia":[{"embeddable":true,"href":"https:\/\/www.facesulavirtual.org\/cide\/wp-json\/wp\/v2\/media\/1131"}],"wp:attachment":[{"href":"https:\/\/www.facesulavirtual.org\/cide\/wp-json\/wp\/v2\/media?parent=987511212"}],"wp:term":[{"taxonomy":"category","embeddable":true,"href":"https:\/\/www.facesulavirtual.org\/cide\/wp-json\/wp\/v2\/categories?post=987511212"},{"taxonomy":"post_tag","embeddable":true,"href":"https:\/\/www.facesulavirtual.org\/cide\/wp-json\/wp\/v2\/tags?post=987511212"}],"curies":[{"name":"wp","href":"https:\/\/api.w.org\/{rel}","templated":true}]}}