{"id":987510886,"date":"2025-06-20T15:14:53","date_gmt":"2025-06-20T15:14:53","guid":{"rendered":"https:\/\/www.facesulavirtual.org\/cide\/?p=987510886"},"modified":"2025-06-20T16:00:24","modified_gmt":"2025-06-20T16:00:24","slug":"maestria-en-administracion-mencion-gerencia","status":"publish","type":"post","link":"https:\/\/www.facesulavirtual.org\/cide\/estudios\/maestrias\/maestria-en-administracion-mencion-gerencia\/","title":{"rendered":"Maestr\u00eda en Administraci\u00f3n: Menci\u00f3n GERENCIA"},"content":{"rendered":"\n[et_pb_section fb_built=\u00bb1&#8243; _builder_version=\u00bb4.20.4&#8243; _module_preset=\u00bbdefault\u00bb background_color=\u00bbRGBA(255,255,255,0)\u00bb custom_margin=\u00bb-100px||||false|false\u00bb custom_padding=\u00bb0px||||false|false\u00bb da_disable_devices=\u00bboff|off|off\u00bb locked=\u00bboff\u00bb global_colors_info=\u00bb{}\u00bb theme_builder_area=\u00bbpost_content\u00bb da_is_popup=\u00bboff\u00bb da_exit_intent=\u00bboff\u00bb da_has_close=\u00bbon\u00bb da_alt_close=\u00bboff\u00bb da_dark_close=\u00bboff\u00bb da_not_modal=\u00bbon\u00bb da_is_singular=\u00bboff\u00bb da_with_loader=\u00bboff\u00bb da_has_shadow=\u00bbon\u00bb][et_pb_row _builder_version=\u00bb4.20.4&#8243; _module_preset=\u00bbdefault\u00bb background_color=\u00bbRGBA(255,255,255,0)\u00bb global_colors_info=\u00bb{}\u00bb theme_builder_area=\u00bbpost_content\u00bb][et_pb_column type=\u00bb4_4&#8243; _builder_version=\u00bb4.20.4&#8243; _module_preset=\u00bbdefault\u00bb global_colors_info=\u00bb{}\u00bb theme_builder_area=\u00bbpost_content\u00bb][et_pb_image src=\u00bbhttps:\/\/www.facesulavirtual.org\/cide\/wp-content\/uploads\/2023\/04\/chica-sealando-abajo.png\u00bb title_text=\u00bbchica-sealando-abajo\u00bb _builder_version=\u00bb4.20.4&#8243; _module_preset=\u00bbdefault\u00bb custom_margin=\u00bb||0px||false|false\u00bb animation_style=\u00bbfold\u00bb global_colors_info=\u00bb{}\u00bb theme_builder_area=\u00bbpost_content\u00bb][\/et_pb_image][et_pb_text _builder_version=\u00bb4.20.4&#8243; _module_preset=\u00bbdefault\u00bb text_font=\u00bbPoppins||||||||\u00bb text_text_color=\u00bb#000000&#8243; text_font_size=\u00bb30px\u00bb text_line_height=\u00bb1em\u00bb custom_margin=\u00bb0px||||false|false\u00bb custom_padding=\u00bb0px||||false|false\u00bb global_colors_info=\u00bb{}\u00bb theme_builder_area=\u00bbpost_content\u00bb]<p style=\"text-align: center;\"><strong>Consolida tu carrera con una Maestr\u00eda en Administraci\u00f3n menci\u00f3n Gerencia de la Universidad de Los Andes<\/strong><\/p>[\/et_pb_text][et_pb_text _builder_version=\u00bb4.20.4&#8243; _module_preset=\u00bbdefault\u00bb text_font_size=\u00bb16px\u00bb global_colors_info=\u00bb{}\u00bb theme_builder_area=\u00bbpost_content\u00bb]<p style=\"text-align: justify;\"><strong>La Maestr\u00eda en Administraci\u00f3n menci\u00f3n Gerencia de la Universidad de Los Andes<\/strong>, es la mejor opci\u00f3n para aquellas personas que buscan consolidar su carrera profesional y destacar en el competitivo mundo de los negocios. Nuestra maestr\u00eda ofrece una formaci\u00f3n completa, con un enfoque integral en las habilidades gerenciales y una visi\u00f3n estrat\u00e9gica para la toma de decisiones.<\/p>[\/et_pb_text][et_pb_text _builder_version=\u00bb4.20.4&#8243; _module_preset=\u00bbdefault\u00bb text_font_size=\u00bb16px\u00bb global_colors_info=\u00bb{}\u00bb theme_builder_area=\u00bbpost_content\u00bb]<p style=\"text-align: justify;\"><strong>Nuestra Maestr\u00eda en Administraci\u00f3n menci\u00f3n Gerencia de la Universidad de Los Andes ofrece una gran variedad de beneficios que har\u00e1n que valga la pena cada esfuerzo:<\/strong><\/p>[\/et_pb_text][et_pb_slider _builder_version=\u00bb4.20.4&#8243; _module_preset=\u00bbdefault\u00bb custom_padding=\u00bb23px||73px|||\u00bb global_colors_info=\u00bb{}\u00bb theme_builder_area=\u00bbpost_content\u00bb][et_pb_slide heading=\u00bb1&#8243; _builder_version=\u00bb4.20.4&#8243; _module_preset=\u00bbdefault\u00bb header_font=\u00bb|800|||||||\u00bb header_text_color=\u00bb#F19914&#8243; header_font_size=\u00bb70px\u00bb body_font_size=\u00bb22px\u00bb background_color=\u00bb#811212&#8243; background_enable_color=\u00bbon\u00bb text_shadow_style=\u00bbpreset1&#8243; global_colors_info=\u00bb{}\u00bb sticky_transition=\u00bbon\u00bb theme_builder_area=\u00bbpost_content\u00bb]<p>Formaci\u00f3n integral en habilidades gerenciales que te permitir\u00e1n liderar equipos y tomar decisiones estrat\u00e9gicas<\/p>[\/et_pb_slide][et_pb_slide heading=\u00bb2&#8243; _builder_version=\u00bb4.20.4&#8243; _module_preset=\u00bbdefault\u00bb header_font=\u00bb|800|||||||\u00bb header_text_color=\u00bb#F19914&#8243; header_font_size=\u00bb70px\u00bb body_font_size=\u00bb22px\u00bb background_color=\u00bb#811212&#8243; background_enable_color=\u00bbon\u00bb text_shadow_style=\u00bbpreset1&#8243; global_colors_info=\u00bb{}\u00bb sticky_transition=\u00bbon\u00bb theme_builder_area=\u00bbpost_content\u00bb]<p>Claustro de profesores altamente calificados y con amplia experiencia en el mundo empresarial<\/p>[\/et_pb_slide][et_pb_slide heading=\u00bb3&#8243; _builder_version=\u00bb4.20.4&#8243; _module_preset=\u00bbdefault\u00bb header_font=\u00bb|800|||||||\u00bb header_text_color=\u00bb#F19914&#8243; header_font_size=\u00bb70px\u00bb body_font_size=\u00bb22px\u00bb background_color=\u00bb#811212&#8243; background_enable_color=\u00bbon\u00bb text_shadow_style=\u00bbpreset1&#8243; global_colors_info=\u00bb{}\u00bb sticky_transition=\u00bbon\u00bb theme_builder_area=\u00bbpost_content\u00bb]<p>Metodolog\u00eda que combina clases te\u00f3ricas con talleres pr\u00e1cticos y din\u00e1micas de grupo<\/p>[\/et_pb_slide][et_pb_slide heading=\u00bb4&#8243; _builder_version=\u00bb4.20.4&#8243; _module_preset=\u00bbdefault\u00bb header_font=\u00bb|800|||||||\u00bb header_text_color=\u00bb#F19914&#8243; header_font_size=\u00bb70px\u00bb body_font_size=\u00bb22px\u00bb background_color=\u00bb#811212&#8243; background_enable_color=\u00bbon\u00bb text_shadow_style=\u00bbpreset1&#8243; global_colors_info=\u00bb{}\u00bb sticky_transition=\u00bbon\u00bb theme_builder_area=\u00bbpost_content\u00bb]<p>T\u00edtulo universitario avalado por la Universidad de Los Andes, que te dar\u00e1 un valor agregado en tu carrera profesional<\/p>[\/et_pb_slide][\/et_pb_slider][et_pb_text _builder_version=\u00bb4.20.4&#8243; _module_preset=\u00bbdefault\u00bb text_font_size=\u00bb16px\u00bb global_colors_info=\u00bb{}\u00bb theme_builder_area=\u00bbpost_content\u00bb]<p style=\"text-align: justify;\">La naturaleza de la actividad gerencial requiere formaci\u00f3n y conocimientos en las principales \u00e1reas organizacionales, de aqui que su plan de estudio contempla asignaturas obligatorias y electivas, as\u00ed como seminarios sobr\u00e9 t\u00f3picos de actualidad que en un todo arm\u00f3nico coadyuvan a la formaci\u00f3n integral de un egresado de alto nivel<\/p>[\/et_pb_text][et_pb_toggle title=\u00bbPlan de estudios &#8211; GERENCIA\u00bb icon_color=\u00bb#811212&#8243; toggle_icon=\u00bb&#x64;||divi||400&#8243; use_icon_font_size=\u00bbon\u00bb icon_font_size=\u00bb30px\u00bb open_icon_color=\u00bb#811212&#8243; _builder_version=\u00bb4.20.4&#8243; _module_preset=\u00bbdefault\u00bb title_font=\u00bb|800|||||||\u00bb global_colors_info=\u00bb{}\u00bb theme_builder_area=\u00bbpost_content\u00bb]<ul>\n<li>TEOR\u00cdA DE LA ADMINISTRACI\u00d3N Y DE LAS ORGANIZACIONES<\/li>\n<li>GERENCIA FINANCIERA<\/li>\n<li>GERENCIA DE MERCADEO I<\/li>\n<li>METODOLOG\u00cdA DE LA INVESTIGACI\u00d3N I<\/li>\n<li>GERENCIA DE LA PRODUCCI\u00d3N<\/li>\n<li>METODOLOG\u00cdA DE LA INVESTIGACI\u00d3N II<\/li>\n<li>GERENCIA DE RECURSOS HUMANOS<\/li>\n<li>SEMINARIO \/ ELECTIVA<\/li>\n<li>PLANIFICACI\u00d3N Y POL\u00cdTICA GERENCIAL<\/li>\n<li>SEMINARIO \/ ELECTIVA<\/li>\n<li>METODOLOG\u00cdA DE LA INVESTIGACI\u00d3N III<\/li>\n<li>TRABAJO ESPECIAL DE GRADO<\/li>\n<\/ul>[\/et_pb_toggle][et_pb_text _builder_version=\u00bb4.20.4&#8243; _module_preset=\u00bbdefault\u00bb text_font_size=\u00bb16px\u00bb global_colors_info=\u00bb{}\u00bb theme_builder_area=\u00bbpost_content\u00bb]<p style=\"text-align: justify;\"><strong>Duraci\u00f3n<\/strong><\/p>\n<p style=\"text-align: justify;\">La escolaridad de la Maestr\u00eda es de a\u00f1o y medio. Una vez concluida, el estudiante deber\u00e1 elaborar un Trabajo Especial de Grado, el cu\u00e1l defender\u00e1 en p\u00fablico ante un jurado especialmente designado para tal efecto<\/p>[\/et_pb_text][et_pb_cta title=\u00bbNuestra ventaja competitiva\u00bb _builder_version=\u00bb4.20.4&#8243; _module_preset=\u00bbdefault\u00bb header_font=\u00bb|800|||||||\u00bb header_text_color=\u00bb#FFFFFF\u00bb header_font_size=\u00bb29px\u00bb header_line_height=\u00bb2.3em\u00bb body_text_color=\u00bb#FFFFFF\u00bb body_font_size=\u00bb16px\u00bb background_color=\u00bb#811212&#8243; global_colors_info=\u00bb{}\u00bb theme_builder_area=\u00bbpost_content\u00bb]<p style=\"text-align: justify;\">La Maestr\u00eda en Administraci\u00f3n Menci\u00f3n Gerencia de la Facultad de Ciencias Econ\u00f3micas y Sociales (FACES) en la Universidad de Los Andes (Venezuela), tiene m\u00e1s de 30 a\u00f1os formando profesionales con una visi\u00f3n multidisciplinaria. Su ventaja est\u00e1 en la actualizaci\u00f3n y re-acreditaci\u00f3n de los programas para garantizar un perfil gerencial adecuado a los est\u00e1ndares requeridos para los desafios que impone a las organizaciones los tiempos actuales. Hemos mantenido convenios con organizaciones p\u00fablicas y privadas, que ofrecen oportunidades de investigaci\u00f3n aplicada y apoyo financiero para los estudiantes y graduados, a trav\u00e9s de la unidad de Intercambio Cient\u00edfico y la Oficina de Relaciones Interinstitucionales. Adem\u00e1s, contamos con Profesores expertos en el componente gerencial, con programas actualizados y enfocados en las \u00faltimas tendencias de la gesti\u00f3n administrativa y empresarial y cuyo enfoque te\u00f3rico &#8211; emp\u00edrico incluye casos de estudio y herramientas y tecnolog\u00edas innovadoras de gerencia empresarial<\/p>[\/et_pb_cta][\/et_pb_column][\/et_pb_row][et_pb_row column_structure=\u00bb2_5,3_5&#8243; _builder_version=\u00bb4.20.4&#8243; _module_preset=\u00bbdefault\u00bb background_color=\u00bb#dbdbdb\u00bb background_enable_mask_style=\u00bbon\u00bb background_mask_style=\u00bbcorner-paint\u00bb background_mask_transform=\u00bbflip_horizontal\u00bb border_radii=\u00bbon|10px|10px|10px|10px\u00bb border_width_all=\u00bb3px\u00bb border_color_all=\u00bb#811212&#8243; global_colors_info=\u00bb{}\u00bb theme_builder_area=\u00bbpost_content\u00bb][et_pb_column type=\u00bb2_5&#8243; _builder_version=\u00bb4.20.4&#8243; _module_preset=\u00bbdefault\u00bb global_colors_info=\u00bb{}\u00bb theme_builder_area=\u00bbpost_content\u00bb][et_pb_image src=\u00bbhttps:\/\/www.facesulavirtual.org\/cide\/wp-content\/uploads\/2023\/04\/hombresenala.png\u00bb title_text=\u00bbhombresenala\u00bb _builder_version=\u00bb4.20.4&#8243; _module_preset=\u00bbdefault\u00bb animation_style=\u00bbbounce\u00bb global_colors_info=\u00bb{}\u00bb theme_builder_area=\u00bbpost_content\u00bb][\/et_pb_image][\/et_pb_column][et_pb_column type=\u00bb3_5&#8243; _builder_version=\u00bb4.20.4&#8243; _module_preset=\u00bbdefault\u00bb global_colors_info=\u00bb{}\u00bb theme_builder_area=\u00bbpost_content\u00bb][et_pb_blurb title=\u00bbNo te pierdas la oportunidad de dar un salto en tu carrera profesional\u00bb use_icon=\u00bbon\u00bb font_icon=\u00bb&#xf3b2;||fa||400&#8243; icon_color=\u00bb#811212&#8243; _builder_version=\u00bb4.20.4&#8243; _module_preset=\u00bbdefault\u00bb header_font=\u00bb|800|||||||\u00bb header_text_align=\u00bbcenter\u00bb header_font_size=\u00bb14px\u00bb body_text_align=\u00bbleft\u00bb body_text_color=\u00bb#000000&#8243; text_orientation=\u00bbcenter\u00bb hover_enabled=\u00bb0&#8243; global_colors_info=\u00bb{}\u00bb theme_builder_area=\u00bbpost_content\u00bb sticky_enabled=\u00bb0&#8243;]<p style=\"text-align: center;\">\u00a0\u00a1Pre-Inscr\u00edbete ahora en nuestra Maestr\u00eda en Administraci\u00f3n, menci\u00f3n Gerencia del Centro de Investigaciones y Desarrollo Empresarial de la Universidad de Los Andes y convi\u00e9rtete en un l\u00edder del mundo de los negocios<\/p>[\/et_pb_blurb][et_pb_button button_url=\u00bb@ET-DC@eyJkeW5hbWljIjp0cnVlLCJjb250ZW50IjoicG9zdF9saW5rX3VybF9wYWdlIiwic2V0dGluZ3MiOnsicG9zdF9pZCI6IjEyNTkifX0=@\u00bb button_text=\u00bb\u00a1Pre-Inscr\u00edbete ya!\u00bb button_alignment=\u00bbcenter\u00bb _builder_version=\u00bb4.20.4&#8243; _dynamic_attributes=\u00bbbutton_url\u00bb _module_preset=\u00bbdefault\u00bb custom_button=\u00bbon\u00bb button_text_size=\u00bb20px\u00bb button_text_color=\u00bb#811212&#8243; button_border_color=\u00bb#811212&#8243; global_colors_info=\u00bb{}\u00bb theme_builder_area=\u00bbpost_content\u00bb][\/et_pb_button][\/et_pb_column][\/et_pb_row][\/et_pb_section][et_pb_section fb_built=\u00bb1&#8243; _builder_version=\u00bb4.27.4&#8243; _module_preset=\u00bbdefault\u00bb da_disable_devices=\u00bboff|off|off\u00bb global_colors_info=\u00bb{}\u00bb theme_builder_area=\u00bbpost_content\u00bb da_is_popup=\u00bboff\u00bb da_exit_intent=\u00bboff\u00bb da_has_close=\u00bbon\u00bb da_alt_close=\u00bboff\u00bb da_dark_close=\u00bboff\u00bb da_not_modal=\u00bbon\u00bb da_is_singular=\u00bboff\u00bb da_with_loader=\u00bboff\u00bb da_has_shadow=\u00bbon\u00bb][et_pb_row _builder_version=\u00bb4.27.4&#8243; _module_preset=\u00bbdefault\u00bb global_colors_info=\u00bb{}\u00bb theme_builder_area=\u00bbpost_content\u00bb][et_pb_column type=\u00bb4_4&#8243; _builder_version=\u00bb4.27.4&#8243; _module_preset=\u00bbdefault\u00bb global_colors_info=\u00bb{}\u00bb theme_builder_area=\u00bbpost_content\u00bb][dnxte_text_divider dnxt_divider_text=\u00bbTestimonios\u00bb heading_tag=\u00bbh1&#8243; text_divider_color=\u00bb#F19914&#8243; text_divider_weight=\u00bb5px\u00bb text_divider_gap=\u00bb0px\u00bb _builder_version=\u00bb4.20.4&#8243; _module_preset=\u00bbdefault\u00bb dnxt_divider_fonts_font_size=\u00bb29px\u00bb locked=\u00bboff\u00bb global_colors_info=\u00bb{}\u00bb theme_builder_area=\u00bbpost_content\u00bb][\/dnxte_text_divider][et_pb_video src=\u00bbhttps:\/\/youtube.com\/shorts\/r8lLu45r2p4?feature=share\u00bb _builder_version=\u00bb4.20.4&#8243; _module_preset=\u00bbdefault\u00bb locked=\u00bboff\u00bb global_colors_info=\u00bb{}\u00bb theme_builder_area=\u00bbpost_content\u00bb][\/et_pb_video][et_pb_code _builder_version=\u00bb4.20.4&#8243; _module_preset=\u00bbdefault\u00bb width=\u00bb100%\u00bb module_alignment=\u00bbcenter\u00bb hover_enabled=\u00bb0&#8243; locked=\u00bboff\u00bb global_colors_info=\u00bb{}\u00bb theme_builder_area=\u00bbpost_content\u00bb sticky_enabled=\u00bb0&#8243;]<iframe loading=\"lazy\" width=\"560\" height=\"315\" src=\"https:\/\/www.youtube.com\/embed\/DGcFRdByFsg\" title=\"YouTube video player\" frameborder=\"0\" allow=\"accelerometer; autoplay; clipboard-write; encrypted-media; gyroscope; picture-in-picture; web-share\" allowfullscreen><\/iframe>[\/et_pb_code][et_pb_video src=\u00bbhttps:\/\/youtube.com\/shorts\/JNE1vkGhQk4?feature=share\u00bb _builder_version=\u00bb4.20.4&#8243; _module_preset=\u00bbdefault\u00bb hover_enabled=\u00bb0&#8243; global_colors_info=\u00bb{}\u00bb theme_builder_area=\u00bbpost_content\u00bb locked=\u00bboff\u00bb sticky_enabled=\u00bb0&#8243;][\/et_pb_video][\/et_pb_column][\/et_pb_row][\/et_pb_section]\n","protected":false},"excerpt":{"rendered":"<p>Consolida tu carrera con una Maestr\u00eda en Administraci\u00f3n menci\u00f3n Gerencia de la Universidad de Los AndesLa Maestr\u00eda en Administraci\u00f3n menci\u00f3n Gerencia de la Universidad de Los Andes, es la mejor opci\u00f3n para aquellas personas que buscan consolidar su carrera profesional y destacar en el competitivo mundo de los negocios. Nuestra maestr\u00eda ofrece una formaci\u00f3n completa, [&hellip;]<\/p>\n","protected":false},"author":1,"featured_media":634,"comment_status":"open","ping_status":"open","sticky":false,"template":"","format":"standard","meta":{"_et_pb_use_builder":"on","_et_pb_old_content":"","_et_gb_content_width":"","footnotes":""},"categories":[11,10],"tags":[],"class_list":["post-987510886","post","type-post","status-publish","format-standard","has-post-thumbnail","hentry","category-estudios","category-maestrias"],"_links":{"self":[{"href":"https:\/\/www.facesulavirtual.org\/cide\/wp-json\/wp\/v2\/posts\/987510886","targetHints":{"allow":["GET"]}}],"collection":[{"href":"https:\/\/www.facesulavirtual.org\/cide\/wp-json\/wp\/v2\/posts"}],"about":[{"href":"https:\/\/www.facesulavirtual.org\/cide\/wp-json\/wp\/v2\/types\/post"}],"author":[{"embeddable":true,"href":"https:\/\/www.facesulavirtual.org\/cide\/wp-json\/wp\/v2\/users\/1"}],"replies":[{"embeddable":true,"href":"https:\/\/www.facesulavirtual.org\/cide\/wp-json\/wp\/v2\/comments?post=987510886"}],"version-history":[{"count":13,"href":"https:\/\/www.facesulavirtual.org\/cide\/wp-json\/wp\/v2\/posts\/987510886\/revisions"}],"predecessor-version":[{"id":987510905,"href":"https:\/\/www.facesulavirtual.org\/cide\/wp-json\/wp\/v2\/posts\/987510886\/revisions\/987510905"}],"wp:featuredmedia":[{"embeddable":true,"href":"https:\/\/www.facesulavirtual.org\/cide\/wp-json\/wp\/v2\/media\/634"}],"wp:attachment":[{"href":"https:\/\/www.facesulavirtual.org\/cide\/wp-json\/wp\/v2\/media?parent=987510886"}],"wp:term":[{"taxonomy":"category","embeddable":true,"href":"https:\/\/www.facesulavirtual.org\/cide\/wp-json\/wp\/v2\/categories?post=987510886"},{"taxonomy":"post_tag","embeddable":true,"href":"https:\/\/www.facesulavirtual.org\/cide\/wp-json\/wp\/v2\/tags?post=987510886"}],"curies":[{"name":"wp","href":"https:\/\/api.w.org\/{rel}","templated":true}]}}