{"id":987510563,"date":"2025-03-17T21:27:14","date_gmt":"2025-03-17T21:27:14","guid":{"rendered":"https:\/\/www.facesulavirtual.org\/cide\/?p=987510563"},"modified":"2026-02-03T15:45:48","modified_gmt":"2026-02-03T15:45:48","slug":"diplomado-en-gerencia-empresarial-2","status":"publish","type":"post","link":"https:\/\/www.facesulavirtual.org\/cide\/actualidad\/diplomado-en-gerencia-empresarial-2\/","title":{"rendered":"DIPLOMADO EN GERENCIA EMPRESARIAL"},"content":{"rendered":"<p>[et_pb_section fb_built=\u00bb1&#8243; _builder_version=\u00bb4.20.4&#8243; _module_preset=\u00bbdefault\u00bb background_color=\u00bbRGBA(255,255,255,0)\u00bb custom_margin=\u00bb-100px||||false|false\u00bb custom_padding=\u00bb0px||||false|false\u00bb da_disable_devices=\u00bboff|off|off\u00bb global_colors_info=\u00bb{}\u00bb theme_builder_area=\u00bbpost_content\u00bb da_is_popup=\u00bboff\u00bb da_exit_intent=\u00bboff\u00bb da_has_close=\u00bbon\u00bb da_alt_close=\u00bboff\u00bb da_dark_close=\u00bboff\u00bb da_not_modal=\u00bbon\u00bb da_is_singular=\u00bboff\u00bb da_with_loader=\u00bboff\u00bb da_has_shadow=\u00bbon\u00bb][et_pb_row _builder_version=\u00bb4.20.4&#8243; _module_preset=\u00bbdefault\u00bb background_color=\u00bbRGBA(255,255,255,0)\u00bb global_colors_info=\u00bb{}\u00bb theme_builder_area=\u00bbpost_content\u00bb][et_pb_column type=\u00bb4_4&#8243; _builder_version=\u00bb4.20.4&#8243; _module_preset=\u00bbdefault\u00bb global_colors_info=\u00bb{}\u00bb theme_builder_area=\u00bbpost_content\u00bb][et_pb_image src=\u00bbhttps:\/\/www.facesulavirtual.org\/cide\/wp-content\/uploads\/2026\/02\/Imagenes-gerencia-empresarial.jpeg\u00bb title_text=\u00bbImagenes gerencia empresarial\u00bb _builder_version=\u00bb4.27.4&#8243; _module_preset=\u00bbdefault\u00bb global_colors_info=\u00bb{}\u00bb theme_builder_area=\u00bbpost_content\u00bb][\/et_pb_image][et_pb_divider color=\u00bb#811212&#8243; divider_style=\u00bbdashed\u00bb divider_weight=\u00bb4px\u00bb _builder_version=\u00bb4.20.4&#8243; _module_preset=\u00bbdefault\u00bb global_colors_info=\u00bb{}\u00bb theme_builder_area=\u00bbpost_content\u00bb][\/et_pb_divider][et_pb_blurb title=\u00bbMetodolog\u00eda\u00bb use_icon=\u00bbon\u00bb font_icon=\u00bb&#xe00e;||divi||400&#8243; icon_color=\u00bb#811212&#8243; icon_placement=\u00bbleft\u00bb _builder_version=\u00bb4.27.4&#8243; _module_preset=\u00bbdefault\u00bb header_font=\u00bb|800|||||||\u00bb global_colors_info=\u00bb{}\u00bb theme_builder_area=\u00bbpost_content\u00bb]<\/p>\n<p>Virtual \/ No Presencial<\/p>\n<p>Las clases se dictan de manera sincr\u00f3nica o asincr\u00f3nica, generalmente en las noches o fines de semana.<\/p>\n<p>[\/et_pb_blurb][et_pb_blurb title=\u00bbDirigido a\u00bb use_icon=\u00bbon\u00bb font_icon=\u00bb&#xe08b;||divi||400&#8243; icon_color=\u00bb#811212&#8243; icon_placement=\u00bbleft\u00bb _builder_version=\u00bb4.21.0&#8243; _module_preset=\u00bbdefault\u00bb header_font=\u00bb|800|||||||\u00bb global_colors_info=\u00bb{}\u00bb theme_builder_area=\u00bbpost_content\u00bb]<\/p>\n<p style=\"text-align: justify;\">Empresarios, directivos, profesionales, comerciantes, economistas, farmac\u00e9uticos, ingenieros, administradores, m\u00e9dicos, abogados,\u00a0 gerentes de empresas y de proyectos, que se preparan para desarrollar y fortalecer a las organizaciones y su carrera profesional.<\/p>\n<p>[\/et_pb_blurb][et_pb_blurb title=\u00bbInicio.\u00bb use_icon=\u00bbon\u00bb font_icon=\u00bb&#xf017;||fa||400&#8243; icon_color=\u00bb#811212&#8243; icon_placement=\u00bbleft\u00bb _builder_version=\u00bb4.27.4&#8243; _module_preset=\u00bbdefault\u00bb header_font=\u00bb|800|||||||\u00bb hover_enabled=\u00bb0&#8243; locked=\u00bboff\u00bb global_colors_info=\u00bb{}\u00bb theme_builder_area=\u00bbpost_content\u00bb sticky_enabled=\u00bb0&#8243;]<\/p>\n<p style=\"text-align: justify;\">Inscripciones del 1 al 10 de febrero.<\/p>\n<p style=\"text-align: justify;\">Duraci\u00f3n: del 11 de febrero al 21 de junio.<\/p>\n<p style=\"text-align: justify;\">Horario: mi\u00e9rcoles de 6:00pm a 9:00pm.<\/p>\n<p style=\"text-align: justify;\">Con una duraci\u00f3n de 120 horas acad\u00e9micas \/ 4,5 meses<\/p>\n<p>[\/et_pb_blurb][et_pb_blurb title=\u00bbCosto de inversi\u00f3n\u00bb use_icon=\u00bbon\u00bb font_icon=\u00bb&#xe014;||divi||400&#8243; icon_color=\u00bb#811212&#8243; icon_placement=\u00bbleft\u00bb _builder_version=\u00bb4.27.4&#8243; _module_preset=\u00bbdefault\u00bb header_font=\u00bb|800|||||||\u00bb hover_enabled=\u00bb0&#8243; locked=\u00bboff\u00bb global_colors_info=\u00bb{}\u00bb theme_builder_area=\u00bbpost_content\u00bb sticky_enabled=\u00bb0&#8243;]<\/p>\n<p>Dise\u00f1amos un plan flexible para facilitar su formaci\u00f3n o la de su equipo.<\/p>\n<p>Opciones pago:<\/p>\n<p>1.Financiado en tres cuotas (pago total 180$):<\/p>\n<p style=\"padding-left: 40px;\">Pago inicial: 60$ en el momento de la inscripci\u00f3n.<\/p>\n<p style=\"padding-left: 40px;\">2do pago: 60$.<\/p>\n<p style=\"padding-left: 40px;\">3er pago: 60$.<\/p>\n<p>[\/et_pb_blurb][et_pb_blurb title=\u00bbCuenta bancaria:\u00bb use_icon=\u00bbon\u00bb font_icon=\u00bb&#xf19c;||fa||900&#8243; icon_color=\u00bb#811212&#8243; icon_placement=\u00bbleft\u00bb _builder_version=\u00bb4.27.4&#8243; _module_preset=\u00bbdefault\u00bb header_font=\u00bb|800|||||||\u00bb locked=\u00bboff\u00bb global_colors_info=\u00bb{}\u00bb theme_builder_area=\u00bbpost_content\u00bb]<\/p>\n<p>Transferencia en el Banco Mercantil<\/p>\n<p>Cuenta Corriente: N\u00b0 0105-0672-73-8672006038<\/p>\n<p>A nombre de CORPOULA AC<\/p>\n<p>RIF: J- 30952571-9<\/p>\n<p>[\/et_pb_blurb][et_pb_blurb title=\u00bbPagos en moneda extrajera.\u00bb use_icon=\u00bbon\u00bb font_icon=\u00bb&#xf19c;||fa||900&#8243; icon_color=\u00bb#811212&#8243; icon_placement=\u00bbleft\u00bb _builder_version=\u00bb4.27.4&#8243; _module_preset=\u00bbdefault\u00bb header_font=\u00bb|800|||||||\u00bb locked=\u00bboff\u00bb global_colors_info=\u00bb{}\u00bb theme_builder_area=\u00bbpost_content\u00bb]<\/p>\n<p>Si vive fuera de Venezuela, o, reside en el pa\u00eds, pero pagar\u00e1 su inscripci\u00f3n en Moneda Extranjera mediante transferencia por Paypal.<\/p>\n<p>Debe recargar el monto correspondiente a la comisi\u00f3n de Paypal sobre el monto del diplomado.<\/p>\n<p>El correo para la cuenta de Paypal es: <a href=\"mailto:corpoula@gmail.com\">corpoula@gmail.com<\/a><\/p>\n<p>Con este link pueden\u00a0 calcular la comisi\u00f3n:<\/p>\n<p><a href=\"https:\/\/vendercomprardolares.com\/calculadora-comisiones-paypal.php\">https:\/\/vendercomprardolares.com\/calculadora-comisiones-paypal.php<\/a><\/p>\n<p>Pagos desde fuera de Venezuela, 100% anticipado.<\/p>\n<p>[\/et_pb_blurb][et_pb_blurb title=\u00bbInformaci\u00f3n de contacto:\u00bb use_icon=\u00bbon\u00bb font_icon=\u00bb&#xe090;||divi||400&#8243; icon_color=\u00bb#811212&#8243; icon_placement=\u00bbleft\u00bb _builder_version=\u00bb4.27.4&#8243; _module_preset=\u00bbdefault\u00bb header_font=\u00bb|800|||||||\u00bb link_option_url=\u00bbhttps:\/\/wa.link\/9gq8b7&#8243; link_option_url_new_window=\u00bbon\u00bb locked=\u00bboff\u00bb global_colors_info=\u00bb{}\u00bb theme_builder_area=\u00bbpost_content\u00bb]<\/p>\n<p>0424 &#8211; 7286393<\/p>\n<p>[\/et_pb_blurb][et_pb_blurb use_icon=\u00bbon\u00bb font_icon=\u00bb&#xf0ac;||fa||900&#8243; icon_color=\u00bb#811212&#8243; icon_placement=\u00bbleft\u00bb _builder_version=\u00bb4.27.4&#8243; _module_preset=\u00bbdefault\u00bb header_font=\u00bb|800|||||||\u00bb link_option_url=\u00bbhttps:\/\/www.facesulavirtual.org\/cide\/\u00bb link_option_url_new_window=\u00bbon\u00bb locked=\u00bboff\u00bb global_colors_info=\u00bb{}\u00bb theme_builder_area=\u00bbpost_content\u00bb]<\/p>\n<p>facesulavirtual.org\/cide<\/p>\n<p>[\/et_pb_blurb][et_pb_blurb use_icon=\u00bbon\u00bb font_icon=\u00bb&#xe09a;||divi||400&#8243; icon_color=\u00bb#811212&#8243; icon_placement=\u00bbleft\u00bb _builder_version=\u00bb4.27.4&#8243; _module_preset=\u00bbdefault\u00bb header_font=\u00bb|800|||||||\u00bb custom_padding=\u00bb17px|||||\u00bb link_option_url=\u00bbhttps:\/\/www.instagram.com\/iiafacesula\/\u00bb link_option_url_new_window=\u00bbon\u00bb hover_enabled=\u00bb0&#8243; locked=\u00bboff\u00bb global_colors_info=\u00bb{}\u00bb theme_builder_area=\u00bbpost_content\u00bb sticky_enabled=\u00bb0&#8243;]<\/p>\n<p>@IIAfacesula<\/p>\n<p>&nbsp;<\/p>\n<p>[\/et_pb_blurb][et_pb_text _builder_version=\u00bb4.20.4&#8243; _module_preset=\u00bbdefault\u00bb text_font_size=\u00bb16px\u00bb global_colors_info=\u00bb{}\u00bb theme_builder_area=\u00bbpost_content\u00bb]<\/p>\n<h3 style=\"text-align: justify;\"><strong>Descripci\u00f3n<\/strong><\/h3>\n<p style=\"text-align: justify;\">En un mundo con todo tipo de empresas, desde las transnacionales hasta las grandes y peque\u00f1as empresas familiares, saber c\u00f3mo gerenciar las compa\u00f1\u00edas, c\u00f3mo organizarlas y c\u00f3mo competir en un mercado din\u00e1mico, es una necesidad apremiante. En este contexto se requiere de gerentes integrales con aptitudes gerenciales que les faculten para liderar y apoyar eficazmente los esfuerzos de implementaci\u00f3n de programas de mejoramiento del desempe\u00f1o, en un escenario complejo, interrelacionado y altamente competitivo, con base en el an\u00e1lisis y la comprensi\u00f3n del entorno de las empresas.<\/p>\n<p>[\/et_pb_text][et_pb_text _builder_version=\u00bb4.20.4&#8243; _module_preset=\u00bbdefault\u00bb text_font_size=\u00bb16px\u00bb global_colors_info=\u00bb{}\u00bb theme_builder_area=\u00bbpost_content\u00bb]<\/p>\n<h3 style=\"text-align: justify;\"><strong>Objetivos<\/strong><\/h3>\n<p style=\"text-align: justify;\">Identificar los retos actuales del mundo empresarial desde una perspectiva completa e innovadora, con mirada capaz de abarcar las fortalezas, los problemas y las oportunidades de un negocio para fortalecerlo y encaminarlo mejor en la consecuci\u00f3n de los retos trazados por las<br \/>empresas<\/p>\n<p>[\/et_pb_text][et_pb_toggle title=\u00bbContenido program\u00e1tico &#8211; GERENCIA EMPRESARIAL\u00bb open_toggle_text_color=\u00bb#811212&#8243; icon_color=\u00bb#811212&#8243; toggle_icon=\u00bb&#x64;||divi||400&#8243; use_icon_font_size=\u00bbon\u00bb icon_font_size=\u00bb30px\u00bb open_icon_color=\u00bb#811212&#8243; _builder_version=\u00bb4.27.4&#8243; _module_preset=\u00bbdefault\u00bb title_font=\u00bb|800|||||||\u00bb hover_enabled=\u00bb0&#8243; global_colors_info=\u00bb{}\u00bb theme_builder_area=\u00bbpost_content\u00bb sticky_enabled=\u00bb0&#8243;]<\/p>\n<ul>\n<li><strong>M\u00d3DULO I:<\/strong> GESTI\u00d3N DEL TALENTO HUMANO.<\/li>\n<li><strong>M\u00d3DULO II:<\/strong> GESTI\u00d3N DE LA PRODUCCI\u00d3N Y OPERACIONES.<\/li>\n<li><strong>M\u00d3DULO III:<\/strong> FUNDAMENTOS DE MARKETING.<\/li>\n<li><strong>M\u00d3DULO IV:<\/strong> FUNDAMENTOS DE GERENCIA FINANCIERA.<\/li>\n<li><strong>M\u00d3DULO V:<\/strong> ACTUALIDAD LEGAL ORGANIZACIONAL.<\/li>\n<\/ul>\n<p>[\/et_pb_toggle][et_pb_divider color=\u00bb#811212&#8243; divider_style=\u00bbdashed\u00bb divider_weight=\u00bb4px\u00bb _builder_version=\u00bb4.20.4&#8243; _module_preset=\u00bbdefault\u00bb global_colors_info=\u00bb{}\u00bb theme_builder_area=\u00bbpost_content\u00bb][\/et_pb_divider][\/et_pb_column][\/et_pb_row][\/et_pb_section]<\/p>\n","protected":false},"excerpt":{"rendered":"<p>Virtual \/ No Presencial Las clases se dictan de manera sincr\u00f3nica o asincr\u00f3nica, generalmente en las noches o fines de semana.Empresarios, directivos, profesionales, comerciantes, economistas, farmac\u00e9uticos, ingenieros, administradores, m\u00e9dicos, abogados,\u00a0 gerentes de empresas y de proyectos, que se preparan para desarrollar y fortalecer a las organizaciones y su carrera profesional.Inscripciones del 1 al 10 de [&hellip;]<\/p>\n","protected":false},"author":2,"featured_media":987510527,"comment_status":"open","ping_status":"open","sticky":false,"template":"","format":"standard","meta":{"_et_pb_use_builder":"on","_et_pb_old_content":"","_et_gb_content_width":"","footnotes":""},"categories":[15],"tags":[],"class_list":["post-987510563","post","type-post","status-publish","format-standard","has-post-thumbnail","hentry","category-actualidad"],"_links":{"self":[{"href":"https:\/\/www.facesulavirtual.org\/cide\/wp-json\/wp\/v2\/posts\/987510563","targetHints":{"allow":["GET"]}}],"collection":[{"href":"https:\/\/www.facesulavirtual.org\/cide\/wp-json\/wp\/v2\/posts"}],"about":[{"href":"https:\/\/www.facesulavirtual.org\/cide\/wp-json\/wp\/v2\/types\/post"}],"author":[{"embeddable":true,"href":"https:\/\/www.facesulavirtual.org\/cide\/wp-json\/wp\/v2\/users\/2"}],"replies":[{"embeddable":true,"href":"https:\/\/www.facesulavirtual.org\/cide\/wp-json\/wp\/v2\/comments?post=987510563"}],"version-history":[{"count":11,"href":"https:\/\/www.facesulavirtual.org\/cide\/wp-json\/wp\/v2\/posts\/987510563\/revisions"}],"predecessor-version":[{"id":987511182,"href":"https:\/\/www.facesulavirtual.org\/cide\/wp-json\/wp\/v2\/posts\/987510563\/revisions\/987511182"}],"wp:featuredmedia":[{"embeddable":true,"href":"https:\/\/www.facesulavirtual.org\/cide\/wp-json\/wp\/v2\/media\/987510527"}],"wp:attachment":[{"href":"https:\/\/www.facesulavirtual.org\/cide\/wp-json\/wp\/v2\/media?parent=987510563"}],"wp:term":[{"taxonomy":"category","embeddable":true,"href":"https:\/\/www.facesulavirtual.org\/cide\/wp-json\/wp\/v2\/categories?post=987510563"},{"taxonomy":"post_tag","embeddable":true,"href":"https:\/\/www.facesulavirtual.org\/cide\/wp-json\/wp\/v2\/tags?post=987510563"}],"curies":[{"name":"wp","href":"https:\/\/api.w.org\/{rel}","templated":true}]}}